{"id":5368,"date":"2026-04-29T06:30:30","date_gmt":"2026-04-29T09:30:30","guid":{"rendered":"https:\/\/vagas.portalemprego.com.br\/?p=5368"},"modified":"2026-04-29T06:30:30","modified_gmt":"2026-04-29T09:30:30","slug":"gerente-de-relacionamento-pj-comercial-vendas-rio-de-janeiro","status":"publish","type":"post","link":"https:\/\/vagas.portalemprego.com.br\/?p=5368","title":{"rendered":"Gerente de Relacionamento |  PJ &#8211; Comercial, Vendas &#8211; Rio de Janeiro"},"content":{"rendered":"<p>Vaga: GERENTE DE RELACIONAMENTO<br \/>\nLocal: CENTRO\/RJ<br \/>\nREGIME: PJ <\/p>\n<p>Buscamos\u00a0um(a)\u00a0Gerente\u00a0de\u00a0Relacionamento\u00a0para\u00a0fortalecer\u00a0nosso\u00a0relacionamento\u00a0com\u00a0clientes\u00a0estrat\u00e9gicos,\u00a0garantindo\u00a0excel\u00eancia\u00a0no\u00a0atendimento\u00a0e\u00a0a\u00a0fideliza\u00e7\u00e3o.\u00a0Ser\u00e1\u00a0respons\u00e1vel\u00a0por\u00a0liderar\u00a0um\u00a0time\u00a0de\u00a0experi\u00eancia\u00a0do\u00a0cliente\u00a0e\u00a0de\u00a0avalia\u00e7\u00f5es\u00a0de\u00a0indicadores.\u00a0<\/p>\n<p>Suas principais responsabilidades:<br \/>\nGerenciar a carteira de clientes estrat\u00e9gicos, acompanhando suas demandas e propondo solu\u00e7\u00f5es;<br \/>\nIdentificar oportunidades de neg\u00f3cios e melhorias no relacionamento;<br \/>\nApoiar a equipe comercial na negocia\u00e7\u00e3o de contratos e condi\u00e7\u00f5es;<br \/>\nRealizar reuni\u00f5es peri\u00f3dicas com clientes para avaliar indicadores de satisfa\u00e7\u00e3o e resultados;<br \/>\nElaborar relat\u00f3rios gerenciais e apresentar insights \u00e0 diretoria. <\/p>\n<p>Requisitos:<br \/>\nExperi\u00eancia em gest\u00e3o de relacionamento ou contas-chave (preferencialmente em cobran\u00e7a\/recupera\u00e7\u00e3o de cr\u00e9dito, financeiro ou contact center);<br \/>\nHabilidade em negocia\u00e7\u00e3o, gest\u00e3o de conflitos e vis\u00e3o estrat\u00e9gica;<br \/>\nBoa comunica\u00e7\u00e3o e foco em resultados;<br \/>\nExperi\u00eancia no segmento B2B;<br \/>\nDisponibilidade para regime PJ.<\/p>\n<ul>\n<li>Local de trabalho: Rio de Janeiro, RJ<\/li>\n<li>Regime de contrata\u00e7\u00e3o de tipo: Prestador de Servi\u00e7os (PJ)<\/li>\n<li>Jornada: Per\u00edodo Integral<\/li>\n<li>\u00c1rea e especializa\u00e7\u00e3o profissional: Comercial, Vendas &#8211; Atendimento<\/li>\n<li>N\u00edvel hier\u00e1rquico: Gerente<\/li>\n<\/ul>\n<p>VALORIZADO<\/p>\n<p>Tempo de experi\u00eancia: Entre 3 e 5 anos<\/p>\n<p>Escolaridade M\u00ednima: Ensino M\u00e9dio (2\u00ba Grau)<\/p>\n","protected":false},"excerpt":{"rendered":"<p>Vaga: GERENTE DE RELACIONAMENTO Local: CENTRO\/RJ REGIME: PJ Buscamos\u00a0um(a)\u00a0Gerente\u00a0de\u00a0Relacionamento\u00a0para\u00a0fortalecer\u00a0nosso\u00a0relacionamento\u00a0com\u00a0clientes\u00a0estrat\u00e9gicos,\u00a0garantindo\u00a0excel\u00eancia\u00a0no\u00a0atendimento\u00a0e\u00a0a\u00a0fideliza\u00e7\u00e3o.\u00a0Ser\u00e1\u00a0respons\u00e1vel\u00a0por\u00a0liderar\u00a0um\u00a0time\u00a0de\u00a0experi\u00eancia\u00a0do\u00a0cliente\u00a0e\u00a0de\u00a0avalia\u00e7\u00f5es\u00a0de\u00a0indicadores.\u00a0 Suas principais responsabilidades: Gerenciar a carteira de clientes estrat\u00e9gicos, acompanhando suas demandas e propondo solu\u00e7\u00f5es; Identificar oportunidades de neg\u00f3cios e melhorias no relacionamento; Apoiar a equipe comercial na negocia\u00e7\u00e3o de contratos e condi\u00e7\u00f5es; Realizar reuni\u00f5es peri\u00f3dicas com clientes para avaliar indicadores de satisfa\u00e7\u00e3o e resultados; Elaborar [&hellip;]<\/p>\n","protected":false},"author":1,"featured_media":0,"comment_status":"open","ping_status":"open","sticky":false,"template":"","format":"standard","meta":{"footnotes":""},"categories":[21],"tags":[],"class_list":["post-5368","post","type-post","status-publish","format-standard","hentry","category-rio-de-janeiro-rj"],"_links":{"self":[{"href":"https:\/\/vagas.portalemprego.com.br\/index.php?rest_route=\/wp\/v2\/posts\/5368","targetHints":{"allow":["GET"]}}],"collection":[{"href":"https:\/\/vagas.portalemprego.com.br\/index.php?rest_route=\/wp\/v2\/posts"}],"about":[{"href":"https:\/\/vagas.portalemprego.com.br\/index.php?rest_route=\/wp\/v2\/types\/post"}],"author":[{"embeddable":true,"href":"https:\/\/vagas.portalemprego.com.br\/index.php?rest_route=\/wp\/v2\/users\/1"}],"replies":[{"embeddable":true,"href":"https:\/\/vagas.portalemprego.com.br\/index.php?rest_route=%2Fwp%2Fv2%2Fcomments&post=5368"}],"version-history":[{"count":0,"href":"https:\/\/vagas.portalemprego.com.br\/index.php?rest_route=\/wp\/v2\/posts\/5368\/revisions"}],"wp:attachment":[{"href":"https:\/\/vagas.portalemprego.com.br\/index.php?rest_route=%2Fwp%2Fv2%2Fmedia&parent=5368"}],"wp:term":[{"taxonomy":"category","embeddable":true,"href":"https:\/\/vagas.portalemprego.com.br\/index.php?rest_route=%2Fwp%2Fv2%2Fcategories&post=5368"},{"taxonomy":"post_tag","embeddable":true,"href":"https:\/\/vagas.portalemprego.com.br\/index.php?rest_route=%2Fwp%2Fv2%2Ftags&post=5368"}],"curies":[{"name":"wp","href":"https:\/\/api.w.org\/{rel}","templated":true}]}}