{"id":5369,"date":"2026-04-29T06:30:30","date_gmt":"2026-04-29T09:30:30","guid":{"rendered":"https:\/\/vagas.portalemprego.com.br\/?p=5369"},"modified":"2026-04-29T06:30:30","modified_gmt":"2026-04-29T09:30:30","slug":"advogado-trabalhista-senior-vaga-presencial-juridica-rio-de-janeiro","status":"publish","type":"post","link":"https:\/\/vagas.portalemprego.com.br\/?p=5369","title":{"rendered":"Advogado trabalhista S\u00eanior | Vaga Presencial &#8211; Jur\u00eddica &#8211; Rio de Janeiro"},"content":{"rendered":"<p>Estamos em busca de  um ADVOGADO TRABALHISTA S\u00caNIOR com ampla experi\u00eancia na \u00e1rea trabalhista para atuar em um escrit\u00f3rio jur\u00eddico de refer\u00eancia, com foco em qualidade t\u00e9cnica, estrat\u00e9gia e resultados.<\/p>\n<p>Principais Atividades:<br \/>\nElabora\u00e7\u00e3o de pe\u00e7as processuais (iniciais, contesta\u00e7\u00f5es, recursos, manifesta\u00e7\u00f5es etc.) com fundamenta\u00e7\u00e3o jur\u00eddica consistente e reda\u00e7\u00e3o tecnicamente correta.<br \/>\nPesquisa e an\u00e1lise de doutrina e jurisprud\u00eancia para embasamento t\u00e9cnico e constru\u00e7\u00e3o de teses jur\u00eddicas.<br \/>\nPrepara\u00e7\u00e3o e atua\u00e7\u00e3o em audi\u00eancias de concilia\u00e7\u00e3o, instru\u00e7\u00e3o e julgamento, presenciais ou virtuais.<br \/>\nAcompanhamento processual e gest\u00e3o de prazos judiciais e administrativos.<br \/>\nComunica\u00e7\u00e3o direta com clientes (pessoa f\u00edsica), prestando informa\u00e7\u00f5es sobre o andamento de processos e esclarecendo d\u00favidas.<br \/>\nAtualiza\u00e7\u00e3o constante sobre legisla\u00e7\u00e3o, jurisprud\u00eancia e pr\u00e1ticas da \u00e1rea trabalhista.<\/p>\n<p>Requisitos Obrigat\u00f3rios:<br \/>\nGradua\u00e7\u00e3o em Direito e registro ativo na OAB.<br \/>\nAmpla experi\u00eancia comprovada em Direito do Trabalho.<br \/>\nP\u00f3s-gradua\u00e7\u00e3o e\/ou especializa\u00e7\u00e3o em Direito do Trabalho (desej\u00e1vel).<br \/>\nDom\u00ednio excepcional da L\u00edngua Portuguesa e reda\u00e7\u00e3o jur\u00eddica avan\u00e7ada.<br \/>\nCapacidade de argumenta\u00e7\u00e3o, s\u00edntese e clareza na comunica\u00e7\u00e3o escrita e oral.<br \/>\nExperi\u00eancia em pesquisa jur\u00eddica e an\u00e1lise cr\u00edtica de informa\u00e7\u00f5es.<\/p>\n<p>Benef\u00edcios:<br \/>\nCursos custeados pelo escrit\u00f3rio (desenvolvimento profissional cont\u00ednuo).<br \/>\nEstacionamento gratuito.<br \/>\nPlano de sa\u00fade ap\u00f3s 1 ano de empresa.<br \/>\nRemunera\u00e7\u00e3o vari\u00e1vel &#8211; PLR<\/p>\n<ul>\n<li>Local de trabalho: Rio de Janeiro, RJ<\/li>\n<li>Regime de contrata\u00e7\u00e3o de tipo: Prestador de Servi\u00e7os (PJ)<\/li>\n<li>Jornada: Per\u00edodo Integral<\/li>\n<li>\u00c1rea e especializa\u00e7\u00e3o profissional: Jur\u00eddica &#8211; Trabalhista<\/li>\n<li>N\u00edvel hier\u00e1rquico: Supervisor<\/li>\n<\/ul>\n<p>VALORIZADO<\/p>\n<p>Tempo de experi\u00eancia: Entre 3 e 5 anos<\/p>\n<p>Escolaridade M\u00ednima: Ensino Superior<\/p>\n<p>Forma\u00e7\u00e3o desejada:<\/p>\n<ul>\n<li>Direito, Ensino Superior<\/li>\n<\/ul>\n","protected":false},"excerpt":{"rendered":"<p>Estamos em busca de um ADVOGADO TRABALHISTA S\u00caNIOR com ampla experi\u00eancia na \u00e1rea trabalhista para atuar em um escrit\u00f3rio jur\u00eddico de refer\u00eancia, com foco em qualidade t\u00e9cnica, estrat\u00e9gia e resultados. Principais Atividades: Elabora\u00e7\u00e3o de pe\u00e7as processuais (iniciais, contesta\u00e7\u00f5es, recursos, manifesta\u00e7\u00f5es etc.) com fundamenta\u00e7\u00e3o jur\u00eddica consistente e reda\u00e7\u00e3o tecnicamente correta. Pesquisa e an\u00e1lise de doutrina e [&hellip;]<\/p>\n","protected":false},"author":1,"featured_media":0,"comment_status":"open","ping_status":"open","sticky":false,"template":"","format":"standard","meta":{"footnotes":""},"categories":[21],"tags":[],"class_list":["post-5369","post","type-post","status-publish","format-standard","hentry","category-rio-de-janeiro-rj"],"_links":{"self":[{"href":"https:\/\/vagas.portalemprego.com.br\/index.php?rest_route=\/wp\/v2\/posts\/5369","targetHints":{"allow":["GET"]}}],"collection":[{"href":"https:\/\/vagas.portalemprego.com.br\/index.php?rest_route=\/wp\/v2\/posts"}],"about":[{"href":"https:\/\/vagas.portalemprego.com.br\/index.php?rest_route=\/wp\/v2\/types\/post"}],"author":[{"embeddable":true,"href":"https:\/\/vagas.portalemprego.com.br\/index.php?rest_route=\/wp\/v2\/users\/1"}],"replies":[{"embeddable":true,"href":"https:\/\/vagas.portalemprego.com.br\/index.php?rest_route=%2Fwp%2Fv2%2Fcomments&post=5369"}],"version-history":[{"count":0,"href":"https:\/\/vagas.portalemprego.com.br\/index.php?rest_route=\/wp\/v2\/posts\/5369\/revisions"}],"wp:attachment":[{"href":"https:\/\/vagas.portalemprego.com.br\/index.php?rest_route=%2Fwp%2Fv2%2Fmedia&parent=5369"}],"wp:term":[{"taxonomy":"category","embeddable":true,"href":"https:\/\/vagas.portalemprego.com.br\/index.php?rest_route=%2Fwp%2Fv2%2Fcategories&post=5369"},{"taxonomy":"post_tag","embeddable":true,"href":"https:\/\/vagas.portalemprego.com.br\/index.php?rest_route=%2Fwp%2Fv2%2Ftags&post=5369"}],"curies":[{"name":"wp","href":"https:\/\/api.w.org\/{rel}","templated":true}]}}