{"id":5374,"date":"2026-04-29T06:30:30","date_gmt":"2026-04-29T09:30:30","guid":{"rendered":"https:\/\/vagas.portalemprego.com.br\/?p=5374"},"modified":"2026-04-29T06:30:30","modified_gmt":"2026-04-29T09:30:30","slug":"coordenador-de-logistica-campo-grande-rj-logistica-rio-de-janeiro","status":"publish","type":"post","link":"https:\/\/vagas.portalemprego.com.br\/?p=5374","title":{"rendered":"Coordenador de Log\u00edstica | Campo Grande\/RJ &#8211; Log\u00edstica &#8211; Rio de Janeiro"},"content":{"rendered":"<p>Estamos buscando um COORDENADOR DE OPERA\u00c7\u00d5ES LOG\u00cdSTICAS para atuar presencialmente em CAMPO GRANDE\/RJ. <\/p>\n<p>Principais Atividades:<br \/>\nCoordenar\u00a0as\u00a0rotinas\u00a0de\u00a0recebimento,\u00a0armazenagem\u00a0e\u00a0expedi\u00e7\u00e3o,\u00a0assegurando\u00a0efici\u00eancia,\u00a0qualidade\u00a0e\u00a0seguran\u00e7a\u00a0operacional.<br \/>\nLiderar, desenvolver e engajar o time, acompanhando performance, produtividade e dando feedbacks constantes.<br \/>\nGarantir o cumprimento de indicadores operacionais, de seguran\u00e7a e de gente (KPIs), conduzindo planos de melhoria cont\u00ednua com base em metodologias como PDCA, 5W2H e 5S.<br \/>\nManter relacionamento pr\u00f3ximo com o cliente e zelar pela qualidade do atendimento aos clientes finais.<br \/>\nGarantir o cumprimento das normas, pol\u00edticas internas e conserva\u00e7\u00e3o da infraestrutura.<br \/>\nAtuar em iniciativas de gest\u00e3o de pessoas, remunera\u00e7\u00e3o vari\u00e1vel e engajamento da equipe.<br \/>\nZelar pelo patrim\u00f4nio da empresa (ve\u00edculos, equipamentos, instala\u00e7\u00f5es).<br \/>\nGarantir a comunica\u00e7\u00e3o com cliente e demais envolvido das opera\u00e7\u00f5es.<\/p>\n<p>Requisitos da vaga:<br \/>\nAmpla experi\u00eancia na coordena\u00e7\u00e3o de opera\u00e7\u00f5es log\u00edsticas de alta complexidade.<br \/>\nEnsino Superior completo: Log\u00edstica, engenharia, administra\u00e7\u00e3o e \u00e1reas correlatas.<br \/>\nS\u00f3lidos conhecimentos em Log\u00edstica e ferramentas da qualidade.<br \/>\nDom\u00ednio do Pacote Office, com Excel intermedi\u00e1rio\/avan\u00e7ado.<br \/>\nPossuir CNH B.<br \/>\nResidir nas proximidades de CAMPO GRANDE\/RJ.<\/p>\n<ul>\n<li>Local de trabalho: Rio de Janeiro, RJ<\/li>\n<li>Regime de contrata\u00e7\u00e3o de tipo: Efetivo \u2013 CLT<\/li>\n<li>Jornada: Per\u00edodo Integral<\/li>\n<li>\u00c1rea e especializa\u00e7\u00e3o profissional: Log\u00edstica &#8211; Log\u00edstica<\/li>\n<li>N\u00edvel hier\u00e1rquico: Coordenador<\/li>\n<\/ul>\n<p>HABILIDADES<\/p>\n<ul>\n<li>ferramentas da qualidade<\/li>\n<li>Capacidade de lideran\u00e7a<\/li>\n<li>Dominio de opera\u00e7\u00f5es logisticas<\/li>\n<\/ul>\n<p>Escolaridade M\u00ednima: Ensino Superior<\/p>\n<p>Habilita\u00e7\u00e3o para dirigir: B<\/p>\n","protected":false},"excerpt":{"rendered":"<p>Estamos buscando um COORDENADOR DE OPERA\u00c7\u00d5ES LOG\u00cdSTICAS para atuar presencialmente em CAMPO GRANDE\/RJ. Principais Atividades: Coordenar\u00a0as\u00a0rotinas\u00a0de\u00a0recebimento,\u00a0armazenagem\u00a0e\u00a0expedi\u00e7\u00e3o,\u00a0assegurando\u00a0efici\u00eancia,\u00a0qualidade\u00a0e\u00a0seguran\u00e7a\u00a0operacional. Liderar, desenvolver e engajar o time, acompanhando performance, produtividade e dando feedbacks constantes. Garantir o cumprimento de indicadores operacionais, de seguran\u00e7a e de gente (KPIs), conduzindo planos de melhoria cont\u00ednua com base em metodologias como PDCA, 5W2H e 5S. [&hellip;]<\/p>\n","protected":false},"author":1,"featured_media":0,"comment_status":"open","ping_status":"open","sticky":false,"template":"","format":"standard","meta":{"footnotes":""},"categories":[21],"tags":[],"class_list":["post-5374","post","type-post","status-publish","format-standard","hentry","category-rio-de-janeiro-rj"],"_links":{"self":[{"href":"https:\/\/vagas.portalemprego.com.br\/index.php?rest_route=\/wp\/v2\/posts\/5374","targetHints":{"allow":["GET"]}}],"collection":[{"href":"https:\/\/vagas.portalemprego.com.br\/index.php?rest_route=\/wp\/v2\/posts"}],"about":[{"href":"https:\/\/vagas.portalemprego.com.br\/index.php?rest_route=\/wp\/v2\/types\/post"}],"author":[{"embeddable":true,"href":"https:\/\/vagas.portalemprego.com.br\/index.php?rest_route=\/wp\/v2\/users\/1"}],"replies":[{"embeddable":true,"href":"https:\/\/vagas.portalemprego.com.br\/index.php?rest_route=%2Fwp%2Fv2%2Fcomments&post=5374"}],"version-history":[{"count":0,"href":"https:\/\/vagas.portalemprego.com.br\/index.php?rest_route=\/wp\/v2\/posts\/5374\/revisions"}],"wp:attachment":[{"href":"https:\/\/vagas.portalemprego.com.br\/index.php?rest_route=%2Fwp%2Fv2%2Fmedia&parent=5374"}],"wp:term":[{"taxonomy":"category","embeddable":true,"href":"https:\/\/vagas.portalemprego.com.br\/index.php?rest_route=%2Fwp%2Fv2%2Fcategories&post=5374"},{"taxonomy":"post_tag","embeddable":true,"href":"https:\/\/vagas.portalemprego.com.br\/index.php?rest_route=%2Fwp%2Fv2%2Ftags&post=5374"}],"curies":[{"name":"wp","href":"https:\/\/api.w.org\/{rel}","templated":true}]}}