{"id":5375,"date":"2026-04-29T06:30:30","date_gmt":"2026-04-29T09:30:30","guid":{"rendered":"https:\/\/vagas.portalemprego.com.br\/?p=5375"},"modified":"2026-04-29T06:30:30","modified_gmt":"2026-04-29T09:30:30","slug":"recepcionista-bilingue-administracao-rio-de-janeiro-7","status":"publish","type":"post","link":"https:\/\/vagas.portalemprego.com.br\/?p=5375","title":{"rendered":"Recepcionista Bil\u00edngue &#8211; Administra\u00e7\u00e3o &#8211; Rio de Janeiro"},"content":{"rendered":"<p>A fun\u00e7\u00e3o do recepcionista \u00e9 ser o ponto de contato inicial em uma organiza\u00e7\u00e3o, cumprimentando visitantes, atendendo chamadas telef\u00f4nicas, fornecendo informa\u00e7\u00f5es b\u00e1sicas sobre a empresa e direcionando as pessoas para os departamentos corretos. Eles tamb\u00e9m podem agendar compromissos, gerenciar correspond\u00eancia, manter a \u00e1rea de recep\u00e7\u00e3o organizada e auxiliar em emerg\u00eancias, se comunicar em ingl\u00eas.<\/p>\n<ul>\n<li>N\u00famero de vagas: 2<\/li>\n<li>Local de trabalho: Rio de Janeiro, RJ<\/li>\n<li>Regime de contrata\u00e7\u00e3o de tipo: Efetivo \u2013 CLT<\/li>\n<li>Jornada: Per\u00edodo Integral<\/li>\n<li>\u00c1rea e especializa\u00e7\u00e3o profissional: Administra\u00e7\u00e3o &#8211; Recep\u00e7\u00e3o<\/li>\n<li>N\u00edvel hier\u00e1rquico: Auxiliar<\/li>\n<\/ul>\n<p>VALORIZADO<\/p>\n<p>Tempo de experi\u00eancia: Entre 1 e 3 anos<\/p>\n<p>Escolaridade M\u00ednima: Ensino M\u00e9dio (2\u00ba Grau)<\/p>\n<p>Idiomas:<\/p>\n<ul>\n<li>Ingl\u00eas (Intermedi\u00e1rio)<\/li>\n<\/ul>\n<p>Sal\u00e1rio: 2958,6<\/p>\n","protected":false},"excerpt":{"rendered":"<p>A fun\u00e7\u00e3o do recepcionista \u00e9 ser o ponto de contato inicial em uma organiza\u00e7\u00e3o, cumprimentando visitantes, atendendo chamadas telef\u00f4nicas, fornecendo informa\u00e7\u00f5es b\u00e1sicas sobre a empresa e direcionando as pessoas para os departamentos corretos. Eles tamb\u00e9m podem agendar compromissos, gerenciar correspond\u00eancia, manter a \u00e1rea de recep\u00e7\u00e3o organizada e auxiliar em emerg\u00eancias, se comunicar em ingl\u00eas. N\u00famero [&hellip;]<\/p>\n","protected":false},"author":1,"featured_media":0,"comment_status":"open","ping_status":"open","sticky":false,"template":"","format":"standard","meta":{"footnotes":""},"categories":[21],"tags":[],"class_list":["post-5375","post","type-post","status-publish","format-standard","hentry","category-rio-de-janeiro-rj"],"_links":{"self":[{"href":"https:\/\/vagas.portalemprego.com.br\/index.php?rest_route=\/wp\/v2\/posts\/5375","targetHints":{"allow":["GET"]}}],"collection":[{"href":"https:\/\/vagas.portalemprego.com.br\/index.php?rest_route=\/wp\/v2\/posts"}],"about":[{"href":"https:\/\/vagas.portalemprego.com.br\/index.php?rest_route=\/wp\/v2\/types\/post"}],"author":[{"embeddable":true,"href":"https:\/\/vagas.portalemprego.com.br\/index.php?rest_route=\/wp\/v2\/users\/1"}],"replies":[{"embeddable":true,"href":"https:\/\/vagas.portalemprego.com.br\/index.php?rest_route=%2Fwp%2Fv2%2Fcomments&post=5375"}],"version-history":[{"count":0,"href":"https:\/\/vagas.portalemprego.com.br\/index.php?rest_route=\/wp\/v2\/posts\/5375\/revisions"}],"wp:attachment":[{"href":"https:\/\/vagas.portalemprego.com.br\/index.php?rest_route=%2Fwp%2Fv2%2Fmedia&parent=5375"}],"wp:term":[{"taxonomy":"category","embeddable":true,"href":"https:\/\/vagas.portalemprego.com.br\/index.php?rest_route=%2Fwp%2Fv2%2Fcategories&post=5375"},{"taxonomy":"post_tag","embeddable":true,"href":"https:\/\/vagas.portalemprego.com.br\/index.php?rest_route=%2Fwp%2Fv2%2Ftags&post=5375"}],"curies":[{"name":"wp","href":"https:\/\/api.w.org\/{rel}","templated":true}]}}