{"id":5424,"date":"2026-04-29T06:32:32","date_gmt":"2026-04-29T09:32:32","guid":{"rendered":"https:\/\/vagas.portalemprego.com.br\/?p=5424"},"modified":"2026-04-29T06:32:32","modified_gmt":"2026-04-29T09:32:32","slug":"assistente-administrativo-comunicacao-interna-comunicacao-tv-cinema-petropolis","status":"publish","type":"post","link":"https:\/\/vagas.portalemprego.com.br\/?p=5424","title":{"rendered":"Assistente Administrativo Comunica\u00e7\u00e3o Interna &#8211; Comunica\u00e7\u00e3o, TV, Cinema &#8211; Petr\u00f3polis"},"content":{"rendered":"<p>Atribui\u00e7\u00f5es do cargo:<br \/>\nDesenvolvimento de pe\u00e7as gr\u00e1ficas impressas e digitais (cart\u00f5es, flyers, banners, papelaria personalizada, entre outros);<br \/>\nAdapta\u00e7\u00e3o e finaliza\u00e7\u00e3o de arquivos para produ\u00e7\u00e3o gr\u00e1fica;<br \/>\nSuporte ao setor comercial com cria\u00e7\u00e3o de layouts sob demanda.<br \/>\nRequisitos:<br \/>\nDom\u00ednio de corel draw (obrigat\u00f3rio);<br \/>\nConhecimentos em adobe illustrator e photoshop (diferencial);<br \/>\nEnsino superior cursando<br \/>\nAten\u00e7\u00e3o aos detalhes, organiza\u00e7\u00e3o e cumprimento de prazos;<br \/>\nBoa comunica\u00e7\u00e3o e perfil proativo.<\/p>\n<ul>\n<li>Local de trabalho: Petr\u00f3polis, RJ<\/li>\n<li>Regime de contrata\u00e7\u00e3o de tipo: Efetivo \u2013 CLT<\/li>\n<li>Jornada: Per\u00edodo Integral<\/li>\n<li>\u00c1rea e especializa\u00e7\u00e3o profissional: Comunica\u00e7\u00e3o, TV, Cinema &#8211; Comunica\u00e7\u00e3o Interna<\/li>\n<li>N\u00edvel hier\u00e1rquico: Assistente<\/li>\n<\/ul>\n<p>Escolaridade M\u00ednima: Ensino M\u00e9dio (2\u00ba Grau)<\/p>\n<ul>\n<li>Seguro de Vida<\/li>\n<li>Aux\u00edlio farm\u00e1cia<\/li>\n<li>Refei\u00e7\u00e3o no local<\/li>\n<li>Vale-alimenta\u00e7\u00e3o<\/li>\n<li>Vale-transporte<\/li>\n<li>Assist\u00eancia odontol\u00f3gica<\/li>\n<li>Assist\u00eancia m\u00e9dica<\/li>\n<\/ul>\n","protected":false},"excerpt":{"rendered":"<p>Atribui\u00e7\u00f5es do cargo: Desenvolvimento de pe\u00e7as gr\u00e1ficas impressas e digitais (cart\u00f5es, flyers, banners, papelaria personalizada, entre outros); Adapta\u00e7\u00e3o e finaliza\u00e7\u00e3o de arquivos para produ\u00e7\u00e3o gr\u00e1fica; Suporte ao setor comercial com cria\u00e7\u00e3o de layouts sob demanda. Requisitos: Dom\u00ednio de corel draw (obrigat\u00f3rio); Conhecimentos em adobe illustrator e photoshop (diferencial); Ensino superior cursando Aten\u00e7\u00e3o aos detalhes, organiza\u00e7\u00e3o [&hellip;]<\/p>\n","protected":false},"author":1,"featured_media":0,"comment_status":"open","ping_status":"open","sticky":false,"template":"","format":"standard","meta":{"footnotes":""},"categories":[21],"tags":[],"class_list":["post-5424","post","type-post","status-publish","format-standard","hentry","category-rio-de-janeiro-rj"],"_links":{"self":[{"href":"https:\/\/vagas.portalemprego.com.br\/index.php?rest_route=\/wp\/v2\/posts\/5424","targetHints":{"allow":["GET"]}}],"collection":[{"href":"https:\/\/vagas.portalemprego.com.br\/index.php?rest_route=\/wp\/v2\/posts"}],"about":[{"href":"https:\/\/vagas.portalemprego.com.br\/index.php?rest_route=\/wp\/v2\/types\/post"}],"author":[{"embeddable":true,"href":"https:\/\/vagas.portalemprego.com.br\/index.php?rest_route=\/wp\/v2\/users\/1"}],"replies":[{"embeddable":true,"href":"https:\/\/vagas.portalemprego.com.br\/index.php?rest_route=%2Fwp%2Fv2%2Fcomments&post=5424"}],"version-history":[{"count":0,"href":"https:\/\/vagas.portalemprego.com.br\/index.php?rest_route=\/wp\/v2\/posts\/5424\/revisions"}],"wp:attachment":[{"href":"https:\/\/vagas.portalemprego.com.br\/index.php?rest_route=%2Fwp%2Fv2%2Fmedia&parent=5424"}],"wp:term":[{"taxonomy":"category","embeddable":true,"href":"https:\/\/vagas.portalemprego.com.br\/index.php?rest_route=%2Fwp%2Fv2%2Fcategories&post=5424"},{"taxonomy":"post_tag","embeddable":true,"href":"https:\/\/vagas.portalemprego.com.br\/index.php?rest_route=%2Fwp%2Fv2%2Ftags&post=5424"}],"curies":[{"name":"wp","href":"https:\/\/api.w.org\/{rel}","templated":true}]}}