{"id":5429,"date":"2026-04-29T06:29:29","date_gmt":"2026-04-29T09:29:29","guid":{"rendered":"https:\/\/vagas.portalemprego.com.br\/?p=5429"},"modified":"2026-04-29T06:29:29","modified_gmt":"2026-04-29T09:29:29","slug":"promotora-de-vendas-comercial-vendas-sao-pedro-da-aldeia","status":"publish","type":"post","link":"https:\/\/vagas.portalemprego.com.br\/?p=5429","title":{"rendered":"PROMOTOR(A) DE VENDAS &#8211; Comercial, Vendas &#8211; S\u00e3o Pedro da Aldeia"},"content":{"rendered":"<p>Os produtos da PepsiCo s\u00e3o apreciados pelos consumidores e consumidoras mais de um bilh\u00e3o de vezes por dia em mais de 200 pa\u00edses e territ\u00f3rios ao redor do mundo. A PepsiCo gerou mais de US$ 79 bilh\u00f5es em receita l\u00edquida em 2021, impulsionada por um portf\u00f3lio de bebidas e alimentos convenientes que inclui LAY\u2019S \u00ae, DORITOS \u00ae, CHEETOS \u00ae, GATORADE \u00ae, PEPSI \u00ae, QUAKER \u00ae, entre outros. O portf\u00f3lio de produtos da PepsiCo inclui uma ampla variedade de alimentos e bebidas agrad\u00e1veis, incluindo muitas marcas ic\u00f4nicas que geram mais de US$ 1 bilh\u00e3o cada em vendas anuais estimadas no varejo.<\/p>\n<p>Nossa vis\u00e3o \u00e9 ser l\u00edder global em alimentos e bebidas convenientes ao vencer com PepsiCo Positive (pep+). pep+ \u00e9 o nome dado \u00e0 transforma\u00e7\u00e3o estrat\u00e9gica que estamos trazendo para o nosso neg\u00f3cio, de ponta a ponta, criando crescimento e valor ao mesmo tempo em que inspiramos mudan\u00e7as positivas para o planeta e para as pessoas.<\/p>\n<p>Nossa gente impulsiona nossa cultura. N\u00e3o h\u00e1 dois dias iguais; somos din\u00e2micos e cheios de equipes apaixonadas que abra\u00e7am novas ideias atrav\u00e9s do nosso esp\u00edrito colaborativo. Na PepsiCo, temos o compromisso de promover uma for\u00e7a de trabalho diversa, criando um espa\u00e7o colaborativo, equitativo e inclusivo onde todos(as) &#8211; independentemente de nossa apar\u00eancia, de onde viemos ou de quem amamos &#8211; tenham voz. Na PepsiCo temos um espa\u00e7o para ser \u00danic( )s.<br \/>\nConhe\u00e7a mais da nossa cultura em: https:\/\/stories.pepsicojobs.com\/#LI-BRASIL<\/p>\n<p>O que voc\u00ea vai exercer:<\/p>\n<p>\u2022Respons\u00e1vel por planejar, controlar e organizar a rota sob sua responsabilidade, com a orienta\u00e7\u00e3o do Supervisor\/ Gerente de Vendas e promotor l\u00edder.<br \/>\n\u2022Abastecer as lojas de seu roteiro com produtos PepsiCo, efetuando os padr\u00f5es de execu\u00e7\u00e3o, com o objetivo de atingir e superar os objetivos de vendas, rentabilidade e lucratividade da Cia.<\/p>\n<ul>\n<li>N\u00famero de vagas: 2<\/li>\n<li>Local de trabalho: S\u00e3o Pedro da Aldeia, RJ<\/li>\n<li>Regime de contrata\u00e7\u00e3o de tipo: Efetivo \u2013 CLT<\/li>\n<li>Jornada: Per\u00edodo Integral<\/li>\n<li>\u00c1rea e especializa\u00e7\u00e3o profissional: Comercial, Vendas &#8211; Demonstrador \/ Promotor<\/li>\n<li>N\u00edvel hier\u00e1rquico: Operacional<\/li>\n<\/ul>\n<p>HABILIDADES<\/p>\n<ul>\n<li>Organiza\u00e7\u00e3o de Estoque<\/li>\n<li>Uso de Ferramentas Digitais<\/li>\n<li>Atendimento ao Cliente<\/li>\n<li>Habilidades de Comunica\u00e7\u00e3o<\/li>\n<li>Capacidade de utilizar tecnologia para registrar e analisar dados de vendas<\/li>\n<li>Persuas\u00e3o e Negocia\u00e7\u00e3o<\/li>\n<li>Trabalho em Equipe<\/li>\n<li>Compreens\u00e3o das estrat\u00e9gias de marketing e promo\u00e7\u00f5es para maximizar a visibilidade dos produtos<\/li>\n<li>Flexibilidade e Adaptabilidade<\/li>\n<li>Capacidade de identificar tend\u00eancias e oportunidades no mercado<\/li>\n<li>Organiza\u00e7\u00e3o e Planejamento<\/li>\n<li>Resili\u00eancia<\/li>\n<\/ul>\n<p>Escolaridade M\u00ednima: Ensino M\u00e9dio (2\u00ba Grau)<\/p>\n<ul>\n<li>Conv\u00eanio M\u00e9dico (sem mensalidade para o(a) funcion\u00e1rio(a) e dependentes<\/li>\n<li>Vale Alimenta\u00e7\u00e3o\/Vale Refei\u00e7\u00e3o<\/li>\n<li>Seguro de vida<\/li>\n<li>Conv\u00eanio Odontol\u00f3gico<\/li>\n<li>Vale transporte\/Fretado<\/li>\n<li>Previd\u00eancia privada<\/li>\n<li>Participa\u00e7\u00e3o nos lucros<\/li>\n<li>Um dia de folga no m\u00eas do anivers\u00e1rio<\/li>\n<li>Plataforma de curso de idiomas (totalmente gratuito)<\/li>\n<li>Programa de bem com a vida &#8211; 03 dias de folga no ano<\/li>\n<li>Wellhub (conv\u00eanio com academias)<\/li>\n<li>Descontos para cursos de gradua\u00e7\u00e3o, p\u00f3s, t\u00e9cnico, entre outros!<\/li>\n<\/ul>\n","protected":false},"excerpt":{"rendered":"<p>Os produtos da PepsiCo s\u00e3o apreciados pelos consumidores e consumidoras mais de um bilh\u00e3o de vezes por dia em mais de 200 pa\u00edses e territ\u00f3rios ao redor do mundo. A PepsiCo gerou mais de US$ 79 bilh\u00f5es em receita l\u00edquida em 2021, impulsionada por um portf\u00f3lio de bebidas e alimentos convenientes que inclui LAY\u2019S \u00ae, [&hellip;]<\/p>\n","protected":false},"author":1,"featured_media":0,"comment_status":"open","ping_status":"open","sticky":false,"template":"","format":"standard","meta":{"footnotes":""},"categories":[21],"tags":[],"class_list":["post-5429","post","type-post","status-publish","format-standard","hentry","category-rio-de-janeiro-rj"],"_links":{"self":[{"href":"https:\/\/vagas.portalemprego.com.br\/index.php?rest_route=\/wp\/v2\/posts\/5429","targetHints":{"allow":["GET"]}}],"collection":[{"href":"https:\/\/vagas.portalemprego.com.br\/index.php?rest_route=\/wp\/v2\/posts"}],"about":[{"href":"https:\/\/vagas.portalemprego.com.br\/index.php?rest_route=\/wp\/v2\/types\/post"}],"author":[{"embeddable":true,"href":"https:\/\/vagas.portalemprego.com.br\/index.php?rest_route=\/wp\/v2\/users\/1"}],"replies":[{"embeddable":true,"href":"https:\/\/vagas.portalemprego.com.br\/index.php?rest_route=%2Fwp%2Fv2%2Fcomments&post=5429"}],"version-history":[{"count":0,"href":"https:\/\/vagas.portalemprego.com.br\/index.php?rest_route=\/wp\/v2\/posts\/5429\/revisions"}],"wp:attachment":[{"href":"https:\/\/vagas.portalemprego.com.br\/index.php?rest_route=%2Fwp%2Fv2%2Fmedia&parent=5429"}],"wp:term":[{"taxonomy":"category","embeddable":true,"href":"https:\/\/vagas.portalemprego.com.br\/index.php?rest_route=%2Fwp%2Fv2%2Fcategories&post=5429"},{"taxonomy":"post_tag","embeddable":true,"href":"https:\/\/vagas.portalemprego.com.br\/index.php?rest_route=%2Fwp%2Fv2%2Ftags&post=5429"}],"curies":[{"name":"wp","href":"https:\/\/api.w.org\/{rel}","templated":true}]}}