{"id":5432,"date":"2026-04-29T06:29:29","date_gmt":"2026-04-29T09:29:29","guid":{"rendered":"https:\/\/vagas.portalemprego.com.br\/?p=5432"},"modified":"2026-04-29T06:29:29","modified_gmt":"2026-04-29T09:29:29","slug":"recepcionista-clinica-medica-administracao-niteroi","status":"publish","type":"post","link":"https:\/\/vagas.portalemprego.com.br\/?p=5432","title":{"rendered":"Recepcionista Cl\u00ednica m\u00e9dica &#8211; Administra\u00e7\u00e3o &#8211; Niter\u00f3i"},"content":{"rendered":"<p>Vaga: Recepcionista \u2013 Cl\u00ednica M\u00e9dica<br \/>\nLocal:\u00a0Santa Rosa<br \/>\nRegime:\u00a0CLT | Presencial<br \/>\nBenef\u00edcios:<br \/>\nVale Transporte<br \/>\nVale Alimenta\u00e7\u00e3o ou Refei\u00e7\u00e3o<br \/>\nBonifica\u00e7\u00e3o por desempenho: R$ 190,00<br \/>\nPrograma de incentivo: R$ 150,00<br \/>\nJornada de Trabalho:<br \/>\nSegunda e ter\u00e7a: 9h \u00e0s 18h<br \/>\nQuarta: 10h \u00e0s 20h<br \/>\nQuinta: 9h \u00e0s 18h<br \/>\nSexta: 10h \u00e0s 20h<br \/>\nS\u00e1bados alternados (geralmente 2 por m\u00eas): 9h \u00e0s 13h<br \/>\nSobre a vaga:<br \/>\nEstamos em busca de um(a) Recepcionista de Cl\u00ednica M\u00e9dica para integrar nossa equipe de atendimento. O profissional ser\u00e1 respons\u00e1vel por recepcionar pacientes, realizar agendamentos, registrar informa\u00e7\u00f5es e garantir uma experi\u00eancia acolhedora e eficiente.<br \/>\nResponsabilidades:<br \/>\nAtender pacientes presencialmente e por telefone com empatia e profissionalismo<br \/>\nRealizar agendamentos de consultas e exames em sistemas de gest\u00e3o cl\u00ednica<br \/>\nManter registros atualizados no prontu\u00e1rio eletr\u00f4nico<br \/>\nCoordenar a chegada de pacientes e encaminh\u00e1-los aos setores corretos<br \/>\nGerenciar o fluxo de espera e contribuir para a efici\u00eancia do atendimento<br \/>\nRequisitos:<br \/>\nExperi\u00eancia m\u00ednima de 1 ano em atendimento ao p\u00fablico em ambiente cl\u00ednico ou hospitalar<br \/>\nConhecimento de sistemas de prontu\u00e1rio eletr\u00f4nico e agendamento<br \/>\nBoa comunica\u00e7\u00e3o verbal e escrita<br \/>\nDiferenciais:<br \/>\nExperi\u00eancia pr\u00e9via em cl\u00ednicas m\u00e9dicas ou hospitais<br \/>\nCapacidade de lidar com m\u00faltiplas tarefas e boa organiza\u00e7\u00e3o<br \/>\nCursos ou certifica\u00e7\u00f5es em atendimento ao cliente ou hospitalidade<\/p>\n<ul>\n<li>Local de trabalho: Niter\u00f3i, RJ<\/li>\n<li>Regime de contrata\u00e7\u00e3o de tipo: Efetivo \u2013 CLT<\/li>\n<li>Jornada: Per\u00edodo Integral<\/li>\n<li>\u00c1rea e especializa\u00e7\u00e3o profissional: Administra\u00e7\u00e3o &#8211; Recep\u00e7\u00e3o<\/li>\n<li>N\u00edvel hier\u00e1rquico: Auxiliar<\/li>\n<\/ul>\n<p>VALORIZADO<\/p>\n<p>Tempo de experi\u00eancia: Entre 1 e 3 anos<\/p>\n<p>Escolaridade M\u00ednima: Ensino M\u00e9dio (2\u00ba Grau)<\/p>\n<ul>\n<li>Vale refei\u00e7\u00e3o\/ alimenta\u00e7\u00e3o<\/li>\n<li>Vale transporte<\/li>\n<\/ul>\n<p>Sal\u00e1rio: 1685,92<\/p>\n","protected":false},"excerpt":{"rendered":"<p>Vaga: Recepcionista \u2013 Cl\u00ednica M\u00e9dica Local:\u00a0Santa Rosa Regime:\u00a0CLT | Presencial Benef\u00edcios: Vale Transporte Vale Alimenta\u00e7\u00e3o ou Refei\u00e7\u00e3o Bonifica\u00e7\u00e3o por desempenho: R$ 190,00 Programa de incentivo: R$ 150,00 Jornada de Trabalho: Segunda e ter\u00e7a: 9h \u00e0s 18h Quarta: 10h \u00e0s 20h Quinta: 9h \u00e0s 18h Sexta: 10h \u00e0s 20h S\u00e1bados alternados (geralmente 2 por m\u00eas): 9h [&hellip;]<\/p>\n","protected":false},"author":1,"featured_media":0,"comment_status":"open","ping_status":"open","sticky":false,"template":"","format":"standard","meta":{"footnotes":""},"categories":[21],"tags":[],"class_list":["post-5432","post","type-post","status-publish","format-standard","hentry","category-rio-de-janeiro-rj"],"_links":{"self":[{"href":"https:\/\/vagas.portalemprego.com.br\/index.php?rest_route=\/wp\/v2\/posts\/5432","targetHints":{"allow":["GET"]}}],"collection":[{"href":"https:\/\/vagas.portalemprego.com.br\/index.php?rest_route=\/wp\/v2\/posts"}],"about":[{"href":"https:\/\/vagas.portalemprego.com.br\/index.php?rest_route=\/wp\/v2\/types\/post"}],"author":[{"embeddable":true,"href":"https:\/\/vagas.portalemprego.com.br\/index.php?rest_route=\/wp\/v2\/users\/1"}],"replies":[{"embeddable":true,"href":"https:\/\/vagas.portalemprego.com.br\/index.php?rest_route=%2Fwp%2Fv2%2Fcomments&post=5432"}],"version-history":[{"count":0,"href":"https:\/\/vagas.portalemprego.com.br\/index.php?rest_route=\/wp\/v2\/posts\/5432\/revisions"}],"wp:attachment":[{"href":"https:\/\/vagas.portalemprego.com.br\/index.php?rest_route=%2Fwp%2Fv2%2Fmedia&parent=5432"}],"wp:term":[{"taxonomy":"category","embeddable":true,"href":"https:\/\/vagas.portalemprego.com.br\/index.php?rest_route=%2Fwp%2Fv2%2Fcategories&post=5432"},{"taxonomy":"post_tag","embeddable":true,"href":"https:\/\/vagas.portalemprego.com.br\/index.php?rest_route=%2Fwp%2Fv2%2Ftags&post=5432"}],"curies":[{"name":"wp","href":"https:\/\/api.w.org\/{rel}","templated":true}]}}