{"id":5433,"date":"2026-04-29T06:29:29","date_gmt":"2026-04-29T09:29:29","guid":{"rendered":"https:\/\/vagas.portalemprego.com.br\/?p=5433"},"modified":"2026-04-29T06:29:29","modified_gmt":"2026-04-29T09:29:29","slug":"promotor-de-vendas-volta-redonda-rj-comercial-vendas-volta-redonda-2","status":"publish","type":"post","link":"https:\/\/vagas.portalemprego.com.br\/?p=5433","title":{"rendered":"PROMOTOR DE VENDAS VOLTA REDONDA-RJ &#8211; Comercial, Vendas &#8211; Volta Redonda"},"content":{"rendered":"<p>OPORTUNIDADE PROMOTOR DE VENDAS VOLTA REDONDA-RJ<\/p>\n<p>CARGO: Promotor de vendas (Tempor\u00e1ria 6 meses, com chances de efetiva\u00e7\u00e3o)<br \/>\nESCALA: SEG A SEX 07:00 AS 15:48 \/ SAB 07:00 AS 12:00<br \/>\nSAL\u00c1RIO: R$1.699,23<br \/>\nVT De acordo com roteiro VA R$ 255,99 VR R$27,83<\/p>\n<p>Fun\u00e7\u00f5es:<br \/>\nAbastecer a loja, respeitando a estrat\u00e9gia desenvolvida pela equipe de marketing\/trade\/merchandising.<br \/>\nAbastecimento de produtos In Natura (resfriados e congelados); de Jerked Beef e Charque; de Hamburguer 1953.<br \/>\nPrecificar corretamente os produtos\/promo\u00e7\u00f5es, higienizar as g\u00f4ndolas, manter os produtos dentro do layout da marca.<br \/>\nIdentificar oportunidades e conquistar mais espa\u00e7os no PDV.<\/p>\n<p>LOCAL:<br \/>\nRod. dos Metal\u00fargicos, 1085 &#8211; S\u00e3o Geraldo, Volta Redonda &#8211; RJ, 27253-005 (ATACAD\u00c3O)<br \/>\nAv. 2, 10 &#8211; Jardim Vila Rica &#8211; Tiradentes, Volta Redonda &#8211; RJ, 27259-000<\/p>\n<ul>\n<li>Local de trabalho: Volta Redonda, RJ<\/li>\n<li>Regime de contrata\u00e7\u00e3o de tipo: Tempor\u00e1rio<\/li>\n<li>Jornada: Per\u00edodo Integral<\/li>\n<li>\u00c1rea e especializa\u00e7\u00e3o profissional: Comercial, Vendas &#8211; Demonstrador \/ Promotor<\/li>\n<li>N\u00edvel hier\u00e1rquico: Operacional<\/li>\n<\/ul>\n<p>VALORIZADO<\/p>\n<p>Tempo de experi\u00eancia: Menos de 1 ano<\/p>\n<p>Escolaridade M\u00ednima: Ensino M\u00e9dio (2\u00ba Grau)<\/p>\n<p>Disponibilidade para viajar<\/p>\n<ul>\n<li>Vale-transporte<\/li>\n<li>Vale-refei\u00e7\u00e3o<\/li>\n<li>Vale-alimenta\u00e7\u00e3o<\/li>\n<\/ul>\n<p>Sal\u00e1rio: 1677,29<\/p>\n","protected":false},"excerpt":{"rendered":"<p>OPORTUNIDADE PROMOTOR DE VENDAS VOLTA REDONDA-RJ CARGO: Promotor de vendas (Tempor\u00e1ria 6 meses, com chances de efetiva\u00e7\u00e3o) ESCALA: SEG A SEX 07:00 AS 15:48 \/ SAB 07:00 AS 12:00 SAL\u00c1RIO: R$1.699,23 VT De acordo com roteiro VA R$ 255,99 VR R$27,83 Fun\u00e7\u00f5es: Abastecer a loja, respeitando a estrat\u00e9gia desenvolvida pela equipe de marketing\/trade\/merchandising. Abastecimento de [&hellip;]<\/p>\n","protected":false},"author":1,"featured_media":0,"comment_status":"open","ping_status":"open","sticky":false,"template":"","format":"standard","meta":{"footnotes":""},"categories":[21],"tags":[],"class_list":["post-5433","post","type-post","status-publish","format-standard","hentry","category-rio-de-janeiro-rj"],"_links":{"self":[{"href":"https:\/\/vagas.portalemprego.com.br\/index.php?rest_route=\/wp\/v2\/posts\/5433","targetHints":{"allow":["GET"]}}],"collection":[{"href":"https:\/\/vagas.portalemprego.com.br\/index.php?rest_route=\/wp\/v2\/posts"}],"about":[{"href":"https:\/\/vagas.portalemprego.com.br\/index.php?rest_route=\/wp\/v2\/types\/post"}],"author":[{"embeddable":true,"href":"https:\/\/vagas.portalemprego.com.br\/index.php?rest_route=\/wp\/v2\/users\/1"}],"replies":[{"embeddable":true,"href":"https:\/\/vagas.portalemprego.com.br\/index.php?rest_route=%2Fwp%2Fv2%2Fcomments&post=5433"}],"version-history":[{"count":0,"href":"https:\/\/vagas.portalemprego.com.br\/index.php?rest_route=\/wp\/v2\/posts\/5433\/revisions"}],"wp:attachment":[{"href":"https:\/\/vagas.portalemprego.com.br\/index.php?rest_route=%2Fwp%2Fv2%2Fmedia&parent=5433"}],"wp:term":[{"taxonomy":"category","embeddable":true,"href":"https:\/\/vagas.portalemprego.com.br\/index.php?rest_route=%2Fwp%2Fv2%2Fcategories&post=5433"},{"taxonomy":"post_tag","embeddable":true,"href":"https:\/\/vagas.portalemprego.com.br\/index.php?rest_route=%2Fwp%2Fv2%2Ftags&post=5433"}],"curies":[{"name":"wp","href":"https:\/\/api.w.org\/{rel}","templated":true}]}}