{"id":5436,"date":"2026-04-29T06:29:29","date_gmt":"2026-04-29T09:29:29","guid":{"rendered":"https:\/\/vagas.portalemprego.com.br\/?p=5436"},"modified":"2026-04-29T06:29:29","modified_gmt":"2026-04-29T09:29:29","slug":"nutricionista-supervisora-de-uan-rio-das-ostras-rj-alimentacao-gastronomia-rio-das-ostras","status":"publish","type":"post","link":"https:\/\/vagas.portalemprego.com.br\/?p=5436","title":{"rendered":"Nutricionista Supervisora de UAN &#8211; Rio das Ostras\/RJ &#8211; Alimenta\u00e7\u00e3o \/ Gastronomia &#8211; Rio das Ostras"},"content":{"rendered":"<p>Principais Atividades:<br \/>\n1.  Orientar o preparo, coc\u00e7\u00e3o e distribui\u00e7\u00e3o das refei\u00e7\u00f5es.<br \/>\n2. Acompanhar as diversas etapas do processo de produ\u00e7\u00e3o e entrega das refei\u00e7\u00f5es.<br \/>\n3. Realizar a\u00e7\u00f5es preventivas e corretivas mediante processo.<br \/>\n4. Assegurar que normas de seguran\u00e7a sejam executadas.<br \/>\n5. Reportar indicadores diretamente \u00e0 gest\u00e3o.<br \/>\n6. Processos de garantia da seguran\u00e7a alimentar.<br \/>\n7. Treinar e desenvolver colaboradores.<br \/>\n8. Executar outras atividades afins.<\/p>\n<ul>\n<li>Local de trabalho: Rio das Ostras, RJ<\/li>\n<li>Regime de contrata\u00e7\u00e3o de tipo: Efetivo \u2013 CLT<\/li>\n<li>Jornada: Per\u00edodo Integral<\/li>\n<li>\u00c1rea e especializa\u00e7\u00e3o profissional: Alimenta\u00e7\u00e3o \/ Gastronomia &#8211; Cozinha<\/li>\n<li>N\u00edvel hier\u00e1rquico: Operacional<\/li>\n<\/ul>\n<p>VALORIZADO<\/p>\n<p>Tempo de experi\u00eancia: Entre 1 e 3 anos<\/p>\n<p>HABILIDADES<\/p>\n<ul>\n<li>COMPROMETIMENTO<\/li>\n<li>LIDERAN\u00c7A<\/li>\n<li>PRODUTIVIDADE<\/li>\n<li>LUCRATIVIDADE<\/li>\n<li>PR\u00d3 ATIVIDADE<\/li>\n<\/ul>\n<p>Escolaridade M\u00ednima: Ensino Superior<\/p>\n<p>Forma\u00e7\u00e3o desejada:<\/p>\n<ul>\n<li>Nutri\u00e7\u00e3o, Ensino Superior<\/li>\n<\/ul>\n<ul>\n<li>Refei\u00e7\u00e3o no local<\/li>\n<li>Vale alimenta\u00e7\u00e3o<\/li>\n<li>Seguro de vida<\/li>\n<li>Conv\u00eanio m\u00e9dico &#8211; Unimed<\/li>\n<li>Conv\u00eanio odontol\u00f3gico &#8211; Amil<\/li>\n<li>TotalPass\/Wellhub<\/li>\n<li>PLR &#8211; Semestral<\/li>\n<li>VT\/Auxilio Combust\u00edvel<\/li>\n<\/ul>\n<p>Sal\u00e1rio: 3543,0<\/p>\n","protected":false},"excerpt":{"rendered":"<p>Principais Atividades: 1. Orientar o preparo, coc\u00e7\u00e3o e distribui\u00e7\u00e3o das refei\u00e7\u00f5es. 2. Acompanhar as diversas etapas do processo de produ\u00e7\u00e3o e entrega das refei\u00e7\u00f5es. 3. Realizar a\u00e7\u00f5es preventivas e corretivas mediante processo. 4. Assegurar que normas de seguran\u00e7a sejam executadas. 5. Reportar indicadores diretamente \u00e0 gest\u00e3o. 6. Processos de garantia da seguran\u00e7a alimentar. 7. Treinar [&hellip;]<\/p>\n","protected":false},"author":1,"featured_media":0,"comment_status":"open","ping_status":"open","sticky":false,"template":"","format":"standard","meta":{"footnotes":""},"categories":[21],"tags":[],"class_list":["post-5436","post","type-post","status-publish","format-standard","hentry","category-rio-de-janeiro-rj"],"_links":{"self":[{"href":"https:\/\/vagas.portalemprego.com.br\/index.php?rest_route=\/wp\/v2\/posts\/5436","targetHints":{"allow":["GET"]}}],"collection":[{"href":"https:\/\/vagas.portalemprego.com.br\/index.php?rest_route=\/wp\/v2\/posts"}],"about":[{"href":"https:\/\/vagas.portalemprego.com.br\/index.php?rest_route=\/wp\/v2\/types\/post"}],"author":[{"embeddable":true,"href":"https:\/\/vagas.portalemprego.com.br\/index.php?rest_route=\/wp\/v2\/users\/1"}],"replies":[{"embeddable":true,"href":"https:\/\/vagas.portalemprego.com.br\/index.php?rest_route=%2Fwp%2Fv2%2Fcomments&post=5436"}],"version-history":[{"count":0,"href":"https:\/\/vagas.portalemprego.com.br\/index.php?rest_route=\/wp\/v2\/posts\/5436\/revisions"}],"wp:attachment":[{"href":"https:\/\/vagas.portalemprego.com.br\/index.php?rest_route=%2Fwp%2Fv2%2Fmedia&parent=5436"}],"wp:term":[{"taxonomy":"category","embeddable":true,"href":"https:\/\/vagas.portalemprego.com.br\/index.php?rest_route=%2Fwp%2Fv2%2Fcategories&post=5436"},{"taxonomy":"post_tag","embeddable":true,"href":"https:\/\/vagas.portalemprego.com.br\/index.php?rest_route=%2Fwp%2Fv2%2Ftags&post=5436"}],"curies":[{"name":"wp","href":"https:\/\/api.w.org\/{rel}","templated":true}]}}