{"id":5440,"date":"2026-04-29T06:29:29","date_gmt":"2026-04-29T09:29:29","guid":{"rendered":"https:\/\/vagas.portalemprego.com.br\/?p=5440"},"modified":"2026-04-29T06:29:29","modified_gmt":"2026-04-29T09:29:29","slug":"analista-contabil-jnr-contabil-financas-economia-rio-de-janeiro","status":"publish","type":"post","link":"https:\/\/vagas.portalemprego.com.br\/?p=5440","title":{"rendered":"ANALISTA CONTABIL JNR &#8211; Cont\u00e1bil, Finan\u00e7as, Economia &#8211; Rio de Janeiro"},"content":{"rendered":"<p>Descri\u00e7\u00e3o da vaga<br \/>\nRealizar as concilia\u00e7\u00f5es de contas patrimoniais;<br \/>\nEfetuar confer\u00eancia e lan\u00e7amento da apura\u00e7\u00e3o de impostos (estaduais e federais);<br \/>\nAuxiliar no lan\u00e7amento de faturas, notas fiscais de servi\u00e7os e distrato, quando necess\u00e1rio;<br \/>\nRealizar a parametriza\u00e7\u00e3o de fornecedores no sistema;<br \/>\nConferir e provisionar notas fiscais emitidas pela Prefeitura de S\u00e3o Paulo;<br \/>\nEfetuar lan\u00e7amento de provis\u00f5es e revers\u00f5es de notas;<br \/>\nExecutar reclassifica\u00e7\u00f5es cont\u00e1beis e ajustes de lan\u00e7amentos;<br \/>\nIntegrar e conciliar informa\u00e7\u00f5es da folha de pagamento;<br \/>\nControlar e manter atualizado o ativo imobilizado;<br \/>\nParticipar do processo de fechamento cont\u00e1bil mensal;<br \/>\nRealizar an\u00e1lises de contas cont\u00e1beis e propor corre\u00e7\u00f5es ou melhorias;<br \/>\nPrestar suporte cont\u00e1bil aos demais departamentos e unidades (BRs);<br \/>\nPrestar atendimento as auditorias internas e externas;<br \/>\nConduzir an\u00e1lises e propor melhorias nos processos cont\u00e1beis;<br \/>\nValidar a parametriza\u00e7\u00e3o de impostos realizadas pelo parceiro Guepardo_Consultoria SAP;<br \/>\nAssegurar conformidade com os regimes de tributa\u00e7\u00e3o Lucro Real e Lucro Presumido.<br \/>\nRequisitos:<br \/>\nEnsino superior em Ci\u00eancias Cont\u00e1beis (cursando ou completo);<br \/>\nConhecimento em rotinas cont\u00e1beis, concilia\u00e7\u00f5es e lan\u00e7amentos;<br \/>\nNo\u00e7\u00f5es em apura\u00e7\u00e3o de impostos e fechamento cont\u00e1bil;<br \/>\nDom\u00ednio do Pacote Office, principalmente Excel;<br \/>\nBoa capacidade anal\u00edtica, organiza\u00e7\u00e3o, aten\u00e7\u00e3o a detalhes e comprometimento;<br \/>\nFacilidade para trabalhar em equipe e boa comunica\u00e7\u00e3o.<br \/>\nExperi\u00eancia na \u00e1rea cont\u00e1bil de 2 a 3 anos;<br \/>\nConhecimento em SAP (diferencial);<br \/>\nConhecimento nos regimes de tributa\u00e7\u00e3o Lucro Real e Lucro Presumido.<\/p>\n<ul>\n<li>Local de trabalho: Rio de Janeiro, RJ<\/li>\n<li>Regime de contrata\u00e7\u00e3o de tipo: Tempor\u00e1rio<\/li>\n<li>Jornada: Per\u00edodo Integral<\/li>\n<li>\u00c1rea e especializa\u00e7\u00e3o profissional: Cont\u00e1bil, Finan\u00e7as, Economia &#8211; Contabilidade<\/li>\n<li>N\u00edvel hier\u00e1rquico: Analista<\/li>\n<\/ul>\n<p>VALORIZADO<\/p>\n<p>Tempo de experi\u00eancia: Entre 1 e 3 anos<\/p>\n<p>Escolaridade M\u00ednima: Ensino Superior<\/p>\n<p>Forma\u00e7\u00e3o desejada:<\/p>\n<ul>\n<li>Ci\u00eancias cont\u00e1beis, Ensino Superior<\/li>\n<\/ul>\n<ul>\n<li>Vale Refei\u00e7\u00e3o: 800,00<\/li>\n<li>Vale Alimenta\u00e7\u00e3o: 120,00<\/li>\n<li>Seguro de Vida<\/li>\n<li>Vale Transporte<\/li>\n<\/ul>\n<p>Sal\u00e1rio: 3851,0<\/p>\n","protected":false},"excerpt":{"rendered":"<p>Descri\u00e7\u00e3o da vaga Realizar as concilia\u00e7\u00f5es de contas patrimoniais; Efetuar confer\u00eancia e lan\u00e7amento da apura\u00e7\u00e3o de impostos (estaduais e federais); Auxiliar no lan\u00e7amento de faturas, notas fiscais de servi\u00e7os e distrato, quando necess\u00e1rio; Realizar a parametriza\u00e7\u00e3o de fornecedores no sistema; Conferir e provisionar notas fiscais emitidas pela Prefeitura de S\u00e3o Paulo; Efetuar lan\u00e7amento de provis\u00f5es [&hellip;]<\/p>\n","protected":false},"author":1,"featured_media":0,"comment_status":"open","ping_status":"open","sticky":false,"template":"","format":"standard","meta":{"footnotes":""},"categories":[21],"tags":[],"class_list":["post-5440","post","type-post","status-publish","format-standard","hentry","category-rio-de-janeiro-rj"],"_links":{"self":[{"href":"https:\/\/vagas.portalemprego.com.br\/index.php?rest_route=\/wp\/v2\/posts\/5440","targetHints":{"allow":["GET"]}}],"collection":[{"href":"https:\/\/vagas.portalemprego.com.br\/index.php?rest_route=\/wp\/v2\/posts"}],"about":[{"href":"https:\/\/vagas.portalemprego.com.br\/index.php?rest_route=\/wp\/v2\/types\/post"}],"author":[{"embeddable":true,"href":"https:\/\/vagas.portalemprego.com.br\/index.php?rest_route=\/wp\/v2\/users\/1"}],"replies":[{"embeddable":true,"href":"https:\/\/vagas.portalemprego.com.br\/index.php?rest_route=%2Fwp%2Fv2%2Fcomments&post=5440"}],"version-history":[{"count":0,"href":"https:\/\/vagas.portalemprego.com.br\/index.php?rest_route=\/wp\/v2\/posts\/5440\/revisions"}],"wp:attachment":[{"href":"https:\/\/vagas.portalemprego.com.br\/index.php?rest_route=%2Fwp%2Fv2%2Fmedia&parent=5440"}],"wp:term":[{"taxonomy":"category","embeddable":true,"href":"https:\/\/vagas.portalemprego.com.br\/index.php?rest_route=%2Fwp%2Fv2%2Fcategories&post=5440"},{"taxonomy":"post_tag","embeddable":true,"href":"https:\/\/vagas.portalemprego.com.br\/index.php?rest_route=%2Fwp%2Fv2%2Ftags&post=5440"}],"curies":[{"name":"wp","href":"https:\/\/api.w.org\/{rel}","templated":true}]}}