{"id":5441,"date":"2026-04-29T06:30:30","date_gmt":"2026-04-29T09:30:30","guid":{"rendered":"https:\/\/vagas.portalemprego.com.br\/?p=5441"},"modified":"2026-04-29T06:30:30","modified_gmt":"2026-04-29T09:30:30","slug":"estagio-em-tecnologia-da-informacao-informatica-ti-telecomunicacoes-seropedica","status":"publish","type":"post","link":"https:\/\/vagas.portalemprego.com.br\/?p=5441","title":{"rendered":"Est\u00e1gio em Tecnologia da Informa\u00e7\u00e3o &#8211; Inform\u00e1tica, TI, Telecomunica\u00e7\u00f5es &#8211; Serop\u00e9dica"},"content":{"rendered":"<p>Hor\u00e1rio: Segunda a sexta-feira de 07:30 \u00e0s 11:30<br \/>\nAtividades: Manuten\u00e7\u00e3o de Hardware e Software<br \/>\nCursando a partir do 3 per\u00edodo de An\u00e1lise e Desenvolvimento de Sistemas ou Ci\u00eancia da Computa\u00e7\u00e3o.<\/p>\n<ul>\n<li>Local de trabalho: Serop\u00e9dica, RJ<\/li>\n<li>Regime de contrata\u00e7\u00e3o de tipo: Est\u00e1gio<\/li>\n<li>Jornada: Per\u00edodo Integral<\/li>\n<li>\u00c1rea e especializa\u00e7\u00e3o profissional: Inform\u00e1tica, TI, Telecomunica\u00e7\u00f5es &#8211; Inform\u00e1tica<\/li>\n<li>N\u00edvel hier\u00e1rquico: Estagi\u00e1rio<\/li>\n<\/ul>\n<p>Escolaridade M\u00ednima: Ensino Superior<\/p>\n<p>Forma\u00e7\u00e3o desejada:<\/p>\n<ul>\n<li>Ci\u00eancias da computa\u00e7\u00e3o, Ensino Superior<\/li>\n<\/ul>\n","protected":false},"excerpt":{"rendered":"<p>Hor\u00e1rio: Segunda a sexta-feira de 07:30 \u00e0s 11:30 Atividades: Manuten\u00e7\u00e3o de Hardware e Software Cursando a partir do 3 per\u00edodo de An\u00e1lise e Desenvolvimento de Sistemas ou Ci\u00eancia da Computa\u00e7\u00e3o. Local de trabalho: Serop\u00e9dica, RJ Regime de contrata\u00e7\u00e3o de tipo: Est\u00e1gio Jornada: Per\u00edodo Integral \u00c1rea e especializa\u00e7\u00e3o profissional: Inform\u00e1tica, TI, Telecomunica\u00e7\u00f5es &#8211; Inform\u00e1tica N\u00edvel hier\u00e1rquico: [&hellip;]<\/p>\n","protected":false},"author":1,"featured_media":0,"comment_status":"open","ping_status":"open","sticky":false,"template":"","format":"standard","meta":{"footnotes":""},"categories":[21],"tags":[],"class_list":["post-5441","post","type-post","status-publish","format-standard","hentry","category-rio-de-janeiro-rj"],"_links":{"self":[{"href":"https:\/\/vagas.portalemprego.com.br\/index.php?rest_route=\/wp\/v2\/posts\/5441","targetHints":{"allow":["GET"]}}],"collection":[{"href":"https:\/\/vagas.portalemprego.com.br\/index.php?rest_route=\/wp\/v2\/posts"}],"about":[{"href":"https:\/\/vagas.portalemprego.com.br\/index.php?rest_route=\/wp\/v2\/types\/post"}],"author":[{"embeddable":true,"href":"https:\/\/vagas.portalemprego.com.br\/index.php?rest_route=\/wp\/v2\/users\/1"}],"replies":[{"embeddable":true,"href":"https:\/\/vagas.portalemprego.com.br\/index.php?rest_route=%2Fwp%2Fv2%2Fcomments&post=5441"}],"version-history":[{"count":0,"href":"https:\/\/vagas.portalemprego.com.br\/index.php?rest_route=\/wp\/v2\/posts\/5441\/revisions"}],"wp:attachment":[{"href":"https:\/\/vagas.portalemprego.com.br\/index.php?rest_route=%2Fwp%2Fv2%2Fmedia&parent=5441"}],"wp:term":[{"taxonomy":"category","embeddable":true,"href":"https:\/\/vagas.portalemprego.com.br\/index.php?rest_route=%2Fwp%2Fv2%2Fcategories&post=5441"},{"taxonomy":"post_tag","embeddable":true,"href":"https:\/\/vagas.portalemprego.com.br\/index.php?rest_route=%2Fwp%2Fv2%2Ftags&post=5441"}],"curies":[{"name":"wp","href":"https:\/\/api.w.org\/{rel}","templated":true}]}}