{"id":5442,"date":"2026-04-29T06:30:30","date_gmt":"2026-04-29T09:30:30","guid":{"rendered":"https:\/\/vagas.portalemprego.com.br\/?p=5442"},"modified":"2026-04-29T06:30:30","modified_gmt":"2026-04-29T09:30:30","slug":"representante-comercial-setor-grafico-comercial-vendas-niteroi","status":"publish","type":"post","link":"https:\/\/vagas.portalemprego.com.br\/?p=5442","title":{"rendered":"Representante Comercial \u2013 Setor Gr\u00e1fico &#8211; Comercial, Vendas &#8211; Niter\u00f3i"},"content":{"rendered":"<p>Estamos em busca de um Representante Comercial para o setor gr\u00e1fico para se juntar \u00e0 nossa equipe na Gr\u00e1fica Power Print.<br \/>\nBuscamos um profissional din\u00e2mico, com experi\u00eancia comprovada em vendas e relacionamento com clientes no mercado gr\u00e1fico.<br \/>\nO candidato ideal deve ter uma forte capacidade de negocia\u00e7\u00e3o, habilidade para identificar e conquistar novos clientes, al\u00e9m de uma excelente comunica\u00e7\u00e3o e organiza\u00e7\u00e3o.<\/p>\n<p>A Gr\u00e1fica Power Print \u00e9 conhecida por oferecer servi\u00e7os de impress\u00e3o de alta qualidade, incluindo folhetos, panfletos, cat\u00e1logos, r\u00f3tulos e outros materiais gr\u00e1ficos.<br \/>\nEstamos expandindo nossas opera\u00e7\u00f5es e precisamos de algu\u00e9m que possa contribuir para o crescimento e fortalecimento de nossa presen\u00e7a no mercado.<\/p>\n<p>Voc\u00ea ser\u00e1 respons\u00e1vel por desenvolver e manter relacionamentos com clientes, identificar oportunidades de neg\u00f3cios, negociar e fechar contratos, al\u00e9m de acompanhar o desempenho das vendas e propor estrat\u00e9gias para otimiza\u00e7\u00e3o e crescimento.<br \/>\n\u00c9 essencial que voc\u00ea tenha uma boa vis\u00e3o de mercado, conhe\u00e7a as tend\u00eancias do setor e esteja sempre atualizado sobre as novidades.<\/p>\n<p>A Gr\u00e1fica Power Print oferece um ambiente de trabalho desafiador e gratificante, com oportunidades de crescimento profissional e uma cultura de equipe colaborativa.<br \/>\nSe voc\u00ea \u00e9 proativo, tem uma forte \u00e9tica de trabalho e est\u00e1 buscando um novo desafio, esta \u00e9 a oportunidade perfeita para voc\u00ea.<\/p>\n<p>Interessados devem enviar seu curr\u00edculo e portf\u00f3lio de trabalhos anteriores para an\u00e1lise.<br \/>\nA Gr\u00e1fica Power Print \u00e9 um ambiente inclusivo e valoriza diversidade em todas as suas formas.<br \/>\nJunte-se a n\u00f3s e fa\u00e7a parte de uma equipe que valoriza o trabalho em equipe e o sucesso compartilhado.<\/p>\n<ul>\n<li>Local de trabalho: Niter\u00f3i, RJ<\/li>\n<li>Regime de contrata\u00e7\u00e3o de tipo: Aut\u00f4nomo<\/li>\n<li>Jornada: Per\u00edodo Integral<\/li>\n<li>\u00c1rea e especializa\u00e7\u00e3o profissional: Comercial, Vendas &#8211; Representa\u00e7\u00e3o Comercial<\/li>\n<li>N\u00edvel hier\u00e1rquico: Consultor<\/li>\n<\/ul>\n<p>Escolaridade M\u00ednima: Ensino M\u00e9dio (2\u00ba Grau)<\/p>\n","protected":false},"excerpt":{"rendered":"<p>Estamos em busca de um Representante Comercial para o setor gr\u00e1fico para se juntar \u00e0 nossa equipe na Gr\u00e1fica Power Print. Buscamos um profissional din\u00e2mico, com experi\u00eancia comprovada em vendas e relacionamento com clientes no mercado gr\u00e1fico. O candidato ideal deve ter uma forte capacidade de negocia\u00e7\u00e3o, habilidade para identificar e conquistar novos clientes, al\u00e9m [&hellip;]<\/p>\n","protected":false},"author":1,"featured_media":0,"comment_status":"open","ping_status":"open","sticky":false,"template":"","format":"standard","meta":{"footnotes":""},"categories":[21],"tags":[],"class_list":["post-5442","post","type-post","status-publish","format-standard","hentry","category-rio-de-janeiro-rj"],"_links":{"self":[{"href":"https:\/\/vagas.portalemprego.com.br\/index.php?rest_route=\/wp\/v2\/posts\/5442","targetHints":{"allow":["GET"]}}],"collection":[{"href":"https:\/\/vagas.portalemprego.com.br\/index.php?rest_route=\/wp\/v2\/posts"}],"about":[{"href":"https:\/\/vagas.portalemprego.com.br\/index.php?rest_route=\/wp\/v2\/types\/post"}],"author":[{"embeddable":true,"href":"https:\/\/vagas.portalemprego.com.br\/index.php?rest_route=\/wp\/v2\/users\/1"}],"replies":[{"embeddable":true,"href":"https:\/\/vagas.portalemprego.com.br\/index.php?rest_route=%2Fwp%2Fv2%2Fcomments&post=5442"}],"version-history":[{"count":0,"href":"https:\/\/vagas.portalemprego.com.br\/index.php?rest_route=\/wp\/v2\/posts\/5442\/revisions"}],"wp:attachment":[{"href":"https:\/\/vagas.portalemprego.com.br\/index.php?rest_route=%2Fwp%2Fv2%2Fmedia&parent=5442"}],"wp:term":[{"taxonomy":"category","embeddable":true,"href":"https:\/\/vagas.portalemprego.com.br\/index.php?rest_route=%2Fwp%2Fv2%2Fcategories&post=5442"},{"taxonomy":"post_tag","embeddable":true,"href":"https:\/\/vagas.portalemprego.com.br\/index.php?rest_route=%2Fwp%2Fv2%2Ftags&post=5442"}],"curies":[{"name":"wp","href":"https:\/\/api.w.org\/{rel}","templated":true}]}}