{"id":5443,"date":"2026-04-29T06:30:30","date_gmt":"2026-04-29T09:30:30","guid":{"rendered":"https:\/\/vagas.portalemprego.com.br\/?p=5443"},"modified":"2026-04-29T06:30:30","modified_gmt":"2026-04-29T09:30:30","slug":"encadernadora-setor-de-acabamento-grafico-industrial-producao-fabrica-niteroi","status":"publish","type":"post","link":"https:\/\/vagas.portalemprego.com.br\/?p=5443","title":{"rendered":"Encadernadora \u2013 Setor de Acabamento Gr\u00e1fico &#8211; Industrial, Produ\u00e7\u00e3o, F\u00e1brica &#8211; Niter\u00f3i"},"content":{"rendered":"<p>Estamos em busca de uma encadernadora experiente para se juntar \u00e0 nossa equipe na Gr\u00e1fica Power Print.<br \/>\nComo parte do setor de acabamento gr\u00e1fico, voc\u00ea ser\u00e1 respons\u00e1vel por garantir que todos os projetos de encaderna\u00e7\u00e3o sejam conclu\u00eddos com alta qualidade e dentro dos prazos estabelecidos.<\/p>\n<p>Sua fun\u00e7\u00e3o ser\u00e1 essencial para transformar projetos gr\u00e1ficos em produtos acabados de alta qualidade.<br \/>\nVoc\u00ea trabalhar\u00e1 em estreita colabora\u00e7\u00e3o com o setor de impress\u00e3o para garantir que os materiais de acabamento estejam prontos para encaderna\u00e7\u00e3o e que todos os processos sejam sincronizados para uma produ\u00e7\u00e3o eficiente.<\/p>\n<p>Experi\u00eancia em encaderna\u00e7\u00e3o de livros, \u00e1lbuns, cadernos, bolsas envelopes e outros materiais gr\u00e1ficos \u00e9 essencial.<br \/>\nVoc\u00ea deve ter habilidades manuais precisas e uma compreens\u00e3o profunda das t\u00e9cnicas de encaderna\u00e7\u00e3o, incluindo costura, espiral e lamina\u00e7\u00e3o.<br \/>\nAl\u00e9m disso, \u00e9 importante que voc\u00ea tenha uma boa vis\u00e3o detalhada para garantir que cada encaderna\u00e7\u00e3o atenda aos altos padr\u00f5es de qualidade da nossa empresa.<\/p>\n<p>Voc\u00ea deve ser capaz de trabalhar de forma independente e em equipe, com uma mentalidade orientada para resultados e uma abordagem meticulosa para garantir que cada projeto seja entregue com excel\u00eancia.<br \/>\nA Gr\u00e1fica Power Print valoriza a inova\u00e7\u00e3o e a criatividade, e esperamos que voc\u00ea traga suas ideias e habilidades para o nosso ambiente de trabalho.<\/p>\n<p>Se voc\u00ea \u00e9 um profissional dedicado e tem paix\u00e3o por encaderna\u00e7\u00e3o, esta \u00e9 uma oportunidade para se juntar a uma equipe talentosa e fazer parte de um processo que transforma ideias em produtos acabados impressionantes.<\/p>\n<p>Junte-se \u00e0 Gr\u00e1fica Power Print e contribua para a nossa miss\u00e3o de fornecer produtos gr\u00e1ficos de alta qualidade.<\/p>\n<ul>\n<li>Local de trabalho: Niter\u00f3i, RJ<\/li>\n<li>Regime de contrata\u00e7\u00e3o de tipo: Efetivo \u2013 CLT<\/li>\n<li>Jornada: Per\u00edodo Integral<\/li>\n<li>\u00c1rea e especializa\u00e7\u00e3o profissional: Industrial, Produ\u00e7\u00e3o, F\u00e1brica &#8211; Produ\u00e7\u00e3o<\/li>\n<li>N\u00edvel hier\u00e1rquico: Operacional<\/li>\n<\/ul>\n<p>HABILIDADES<\/p>\n<ul>\n<li>pr\u00f3 atividade<\/li>\n<\/ul>\n<p>Escolaridade M\u00ednima: Ensino Fundamental (1\u00ba grau)<\/p>\n<ul>\n<li>Vale-alimenta\u00e7\u00e3o<\/li>\n<li>Vale-refei\u00e7\u00e3o<\/li>\n<li>Vale-transporte<\/li>\n<\/ul>\n<p>Sal\u00e1rio: 2500,0<\/p>\n","protected":false},"excerpt":{"rendered":"<p>Estamos em busca de uma encadernadora experiente para se juntar \u00e0 nossa equipe na Gr\u00e1fica Power Print. Como parte do setor de acabamento gr\u00e1fico, voc\u00ea ser\u00e1 respons\u00e1vel por garantir que todos os projetos de encaderna\u00e7\u00e3o sejam conclu\u00eddos com alta qualidade e dentro dos prazos estabelecidos. Sua fun\u00e7\u00e3o ser\u00e1 essencial para transformar projetos gr\u00e1ficos em produtos [&hellip;]<\/p>\n","protected":false},"author":1,"featured_media":0,"comment_status":"open","ping_status":"open","sticky":false,"template":"","format":"standard","meta":{"footnotes":""},"categories":[21],"tags":[],"class_list":["post-5443","post","type-post","status-publish","format-standard","hentry","category-rio-de-janeiro-rj"],"_links":{"self":[{"href":"https:\/\/vagas.portalemprego.com.br\/index.php?rest_route=\/wp\/v2\/posts\/5443","targetHints":{"allow":["GET"]}}],"collection":[{"href":"https:\/\/vagas.portalemprego.com.br\/index.php?rest_route=\/wp\/v2\/posts"}],"about":[{"href":"https:\/\/vagas.portalemprego.com.br\/index.php?rest_route=\/wp\/v2\/types\/post"}],"author":[{"embeddable":true,"href":"https:\/\/vagas.portalemprego.com.br\/index.php?rest_route=\/wp\/v2\/users\/1"}],"replies":[{"embeddable":true,"href":"https:\/\/vagas.portalemprego.com.br\/index.php?rest_route=%2Fwp%2Fv2%2Fcomments&post=5443"}],"version-history":[{"count":0,"href":"https:\/\/vagas.portalemprego.com.br\/index.php?rest_route=\/wp\/v2\/posts\/5443\/revisions"}],"wp:attachment":[{"href":"https:\/\/vagas.portalemprego.com.br\/index.php?rest_route=%2Fwp%2Fv2%2Fmedia&parent=5443"}],"wp:term":[{"taxonomy":"category","embeddable":true,"href":"https:\/\/vagas.portalemprego.com.br\/index.php?rest_route=%2Fwp%2Fv2%2Fcategories&post=5443"},{"taxonomy":"post_tag","embeddable":true,"href":"https:\/\/vagas.portalemprego.com.br\/index.php?rest_route=%2Fwp%2Fv2%2Ftags&post=5443"}],"curies":[{"name":"wp","href":"https:\/\/api.w.org\/{rel}","templated":true}]}}