{"id":5445,"date":"2026-04-29T06:30:30","date_gmt":"2026-04-29T09:30:30","guid":{"rendered":"https:\/\/vagas.portalemprego.com.br\/?p=5445"},"modified":"2026-04-29T06:30:30","modified_gmt":"2026-04-29T09:30:30","slug":"operadora-de-vendas-e-atendimento-tijuca-rua-conde-de-bonfim-rj-comercial-vendas-rio-de-janeiro","status":"publish","type":"post","link":"https:\/\/vagas.portalemprego.com.br\/?p=5445","title":{"rendered":"Operador(a) de Vendas e Atendimento &#8211; Tijuca Rua Conde de Bonfim\/RJ &#8211; Comercial, Vendas &#8211; Rio de Janeiro"},"content":{"rendered":"<p>Sobre\u00a0a\u00a0vaga:\u00a0<br \/>\nTrabalhamos\u00a0para\u00a0voc\u00ea\u00a0ser\u00a0mais\u00a0voc\u00ea\u00a0em\u00a0todos\u00a0os\u00a0momentos,\u00a0come\u00e7ando\u00a0pela\u00a0sua\u00a0carreira.\u00a0Se\u00a0voc\u00ea\u00a0se\u00a0identifica\u00a0conosco\u00a0e\u00a0procura\u00a0uma\u00a0empresa,\u00a0acima\u00a0de\u00a0tudo,\u00a0apaixonada\u00a0por\u00a0pessoas,\u00a0#VemPraC&amp;A!\u00a0??<\/p>\n<p>Principais\u00a0atribui\u00e7\u00f5es:\u00a0<br \/>\n&#8211;\u00a0Atender\u00a0de\u00a0maneira\u00a0atenciosa\u00a0e\u00a0cordial,\u00a0garantindo\u00a0os\u00a0passos\u00a0de\u00a0atendimento,\u00a0buscando\u00a0solu\u00e7\u00f5es\u00a0efetivas\u00a0para\u00a0as\u00a0necessidades\u00a0de\u00a0nossos\u00a0clientes,\u00a0e\u00a0realizando\u00a0a\u00a0venda\u00a0de\u00a0nossos\u00a0produtos\/servi\u00e7os\u00a0financeiros\u00a0(Cart\u00e3o\u00a0C&amp;A\u00a0Pay,\u00a0Seguros,\u00a0Parcelamentos,\u00a0etc.);<br \/>\n&#8211;\u00a0Realizar\u00a0a\u00a0opera\u00e7\u00e3o\u00a0de\u00a0caixa;<br \/>\n&#8211;\u00a0Acompanhar\u00a0as\u00a0tarefas\u00a0e\u00a0metas\u00a0individuais\u00a0di\u00e1rias;<br \/>\n&#8211;\u00a0Garantir\u00a0a\u00a0reposi\u00e7\u00e3o\u00a0de\u00a0materiais\u00a0no\u00a0posto\u00a0de\u00a0trabalho.<\/p>\n<p>Requisitos\u00a0obrigat\u00f3rios:\u00a0<br \/>\n&#8211;\u00a0Ensino\u00a0M\u00e9dio\u00a0completo;<br \/>\n&#8211;\u00a0Disponibilidade\u00a0para\u00a0trabalhar\u00a0no\u00a0hor\u00e1rio\u00a0de\u00a0fechamento\u00a0de\u00a0loja\u00a0e\u00a0aos\u00a0fins\u00a0de\u00a0semana\u00a0(escala\u00a06X1);<br \/>\n&#8211;\u00a0Ter\u00a0boas\u00a0habilidades\u00a0com\u00a0vendas\u00a0presenciais,\u00a0entendendo\u00a0as\u00a0necessidades\u00a0da\u00a0pessoa\u00a0cliente;<br \/>\n&#8211;\u00a0Comunicar-se\u00a0de\u00a0forma\u00a0clara,\u00a0eficiente\u00a0e\u00a0respeitosa.<\/p>\n<ul>\n<li>Local de trabalho: Rio de Janeiro, RJ<\/li>\n<li>Regime de contrata\u00e7\u00e3o de tipo: Efetivo \u2013 CLT<\/li>\n<li>Jornada: Per\u00edodo Integral<\/li>\n<li>\u00c1rea e especializa\u00e7\u00e3o profissional: Comercial, Vendas &#8211; Lojas \/ Shopping<\/li>\n<li>N\u00edvel hier\u00e1rquico: Assistente<\/li>\n<\/ul>\n<p>HABILIDADES<\/p>\n<ul>\n<li>Habilidades com metas<\/li>\n<li>Atitude vendedora<\/li>\n<li>Agilidade<\/li>\n<\/ul>\n<p>Escolaridade M\u00ednima: Ensino M\u00e9dio (2\u00ba Grau)<\/p>\n<p>Forma\u00e7\u00e3o desejada:<\/p>\n<ul>\n<li>Ensino M\u00e9dio (2\u00ba Grau)<\/li>\n<\/ul>\n<ul>\n<li>Conv\u00eanio Farm\u00e1cia<\/li>\n<li>Treinamentos<\/li>\n<li>Participa\u00e7\u00e3o de lucros<\/li>\n<li>Wellhub\/Gympass<\/li>\n<li>Conv\u00eanio Sesc<\/li>\n<li>Vale-refei\u00e7\u00e3o<\/li>\n<li>B\u00f4nus por resultado<\/li>\n<li>Telemedicina e Teleterapias<\/li>\n<li>Desconto de 20% nos produtos C&amp;A<\/li>\n<li>Apoio psicol\u00f3gico, social, nutricional, fisioter\u00e1pico e esportivo<\/li>\n<li>Vale-alimenta\u00e7\u00e3o<\/li>\n<li>Caf\u00e9 da tarde no local\u00a0e\u00a0gratuito<\/li>\n<li>Vale transporte<\/li>\n<li>Plano de carreira<\/li>\n<li>Day-off \u2013 folga de anivers\u00e1rio<\/li>\n<\/ul>\n<p>Sal\u00e1rio: 2900,0<\/p>\n","protected":false},"excerpt":{"rendered":"<p>Sobre\u00a0a\u00a0vaga:\u00a0 Trabalhamos\u00a0para\u00a0voc\u00ea\u00a0ser\u00a0mais\u00a0voc\u00ea\u00a0em\u00a0todos\u00a0os\u00a0momentos,\u00a0come\u00e7ando\u00a0pela\u00a0sua\u00a0carreira.\u00a0Se\u00a0voc\u00ea\u00a0se\u00a0identifica\u00a0conosco\u00a0e\u00a0procura\u00a0uma\u00a0empresa,\u00a0acima\u00a0de\u00a0tudo,\u00a0apaixonada\u00a0por\u00a0pessoas,\u00a0#VemPraC&amp;A!\u00a0?? Principais\u00a0atribui\u00e7\u00f5es:\u00a0 &#8211;\u00a0Atender\u00a0de\u00a0maneira\u00a0atenciosa\u00a0e\u00a0cordial,\u00a0garantindo\u00a0os\u00a0passos\u00a0de\u00a0atendimento,\u00a0buscando\u00a0solu\u00e7\u00f5es\u00a0efetivas\u00a0para\u00a0as\u00a0necessidades\u00a0de\u00a0nossos\u00a0clientes,\u00a0e\u00a0realizando\u00a0a\u00a0venda\u00a0de\u00a0nossos\u00a0produtos\/servi\u00e7os\u00a0financeiros\u00a0(Cart\u00e3o\u00a0C&amp;A\u00a0Pay,\u00a0Seguros,\u00a0Parcelamentos,\u00a0etc.); &#8211;\u00a0Realizar\u00a0a\u00a0opera\u00e7\u00e3o\u00a0de\u00a0caixa; &#8211;\u00a0Acompanhar\u00a0as\u00a0tarefas\u00a0e\u00a0metas\u00a0individuais\u00a0di\u00e1rias; &#8211;\u00a0Garantir\u00a0a\u00a0reposi\u00e7\u00e3o\u00a0de\u00a0materiais\u00a0no\u00a0posto\u00a0de\u00a0trabalho. Requisitos\u00a0obrigat\u00f3rios:\u00a0 &#8211;\u00a0Ensino\u00a0M\u00e9dio\u00a0completo; &#8211;\u00a0Disponibilidade\u00a0para\u00a0trabalhar\u00a0no\u00a0hor\u00e1rio\u00a0de\u00a0fechamento\u00a0de\u00a0loja\u00a0e\u00a0aos\u00a0fins\u00a0de\u00a0semana\u00a0(escala\u00a06X1); &#8211;\u00a0Ter\u00a0boas\u00a0habilidades\u00a0com\u00a0vendas\u00a0presenciais,\u00a0entendendo\u00a0as\u00a0necessidades\u00a0da\u00a0pessoa\u00a0cliente; &#8211;\u00a0Comunicar-se\u00a0de\u00a0forma\u00a0clara,\u00a0eficiente\u00a0e\u00a0respeitosa. Local de trabalho: Rio de Janeiro, RJ Regime de contrata\u00e7\u00e3o de tipo: Efetivo \u2013 CLT Jornada: Per\u00edodo Integral \u00c1rea e especializa\u00e7\u00e3o profissional: Comercial, Vendas &#8211; Lojas \/ Shopping N\u00edvel hier\u00e1rquico: Assistente HABILIDADES Habilidades com metas Atitude vendedora Agilidade Escolaridade M\u00ednima: Ensino M\u00e9dio (2\u00ba [&hellip;]<\/p>\n","protected":false},"author":1,"featured_media":0,"comment_status":"open","ping_status":"open","sticky":false,"template":"","format":"standard","meta":{"footnotes":""},"categories":[21],"tags":[],"class_list":["post-5445","post","type-post","status-publish","format-standard","hentry","category-rio-de-janeiro-rj"],"_links":{"self":[{"href":"https:\/\/vagas.portalemprego.com.br\/index.php?rest_route=\/wp\/v2\/posts\/5445","targetHints":{"allow":["GET"]}}],"collection":[{"href":"https:\/\/vagas.portalemprego.com.br\/index.php?rest_route=\/wp\/v2\/posts"}],"about":[{"href":"https:\/\/vagas.portalemprego.com.br\/index.php?rest_route=\/wp\/v2\/types\/post"}],"author":[{"embeddable":true,"href":"https:\/\/vagas.portalemprego.com.br\/index.php?rest_route=\/wp\/v2\/users\/1"}],"replies":[{"embeddable":true,"href":"https:\/\/vagas.portalemprego.com.br\/index.php?rest_route=%2Fwp%2Fv2%2Fcomments&post=5445"}],"version-history":[{"count":0,"href":"https:\/\/vagas.portalemprego.com.br\/index.php?rest_route=\/wp\/v2\/posts\/5445\/revisions"}],"wp:attachment":[{"href":"https:\/\/vagas.portalemprego.com.br\/index.php?rest_route=%2Fwp%2Fv2%2Fmedia&parent=5445"}],"wp:term":[{"taxonomy":"category","embeddable":true,"href":"https:\/\/vagas.portalemprego.com.br\/index.php?rest_route=%2Fwp%2Fv2%2Fcategories&post=5445"},{"taxonomy":"post_tag","embeddable":true,"href":"https:\/\/vagas.portalemprego.com.br\/index.php?rest_route=%2Fwp%2Fv2%2Ftags&post=5445"}],"curies":[{"name":"wp","href":"https:\/\/api.w.org\/{rel}","templated":true}]}}