{"id":5449,"date":"2026-04-29T06:30:30","date_gmt":"2026-04-29T09:30:30","guid":{"rendered":"https:\/\/vagas.portalemprego.com.br\/?p=5449"},"modified":"2026-04-29T06:30:30","modified_gmt":"2026-04-29T09:30:30","slug":"auxiliar-de-mecanico-construcao-manutencao-sao-goncalo","status":"publish","type":"post","link":"https:\/\/vagas.portalemprego.com.br\/?p=5449","title":{"rendered":"Auxiliar de Mec\u00e2nico &#8211; Constru\u00e7\u00e3o, Manuten\u00e7\u00e3o &#8211; S\u00e3o Gon\u00e7alo"},"content":{"rendered":"<p>Estamos em busca de um Auxiliar de Mec\u00e2nico para se juntar \u00e0 nossa equipe na PARVI.<br \/>\nComo Auxiliar de Mec\u00e2nico, voc\u00ea ser\u00e1 fundamental para o suporte e assist\u00eancia nas atividades de manuten\u00e7\u00e3o e reparo de equipamentos mec\u00e2nicos. <\/p>\n<p>Vaga: Auxiliar de Mec\u00e2nico de Caminh\u00f5es<br \/>\nHor\u00e1rio: Segunda a sexta, das 8h \u00e0s 18h<br \/>\nRemunera\u00e7\u00e3o: Sal\u00e1rio base da categoria + benef\u00edcios + vale transporte <\/p>\n<p> Requisitos:<br \/>\n&#8211; Ensino fundamental completo;<br \/>\n&#8211; Experi\u00eancia anterior como auxiliar ou ajudante de mec\u00e2nico;<br \/>\n&#8211; Curso b\u00e1sico de mec\u00e2nica diesel; <\/p>\n<p>Diferenciais:<br \/>\n&#8211; Curso Profissional ou T\u00e9cnico (cursando ou completo)<br \/>\n&#8211; CNH v\u00e1lida (categoria B ou superior). <\/p>\n<p> Atividades:<br \/>\n&#8211; Auxiliar o mec\u00e2nico nas manuten\u00e7\u00f5es preventivas e corretivas de caminh\u00f5es;<br \/>\n&#8211; Separar e organizar ferramentas, pe\u00e7as e materiais necess\u00e1rios para os servi\u00e7os;<br \/>\n&#8211; Apoiar na desmontagem e montagem de componentes;<br \/>\n&#8211; Realizar limpeza de pe\u00e7as e organiza\u00e7\u00e3o do ambiente de trabalho;<br \/>\n&#8211; Auxiliar na movimenta\u00e7\u00e3o de ve\u00edculos dentro da oficina (caso tenha CNH). <\/p>\n<p>A PARVI valoriza o desenvolvimento profissional e oferece um ambiente de trabalho que incentiva a inova\u00e7\u00e3o e a colabora\u00e7\u00e3o.<br \/>\nSe voc\u00ea est\u00e1 procurando uma oportunidade para crescer em um setor t\u00e9cnico desafiador, esta \u00e9 a chance perfeita para voc\u00ea. <\/p>\n<p>Junte-se \u00e0 nossa equipe e contribua para a manuten\u00e7\u00e3o e o funcionamento eficiente dos nossos equipamentos.<br \/>\nEstamos ansiosos para conhecer algu\u00e9m com o seu perfil e potencial.<\/p>\n<ul>\n<li>Local de trabalho: S\u00e3o Gon\u00e7alo, RJ<\/li>\n<li>Regime de contrata\u00e7\u00e3o de tipo: Efetivo \u2013 CLT<\/li>\n<li>Jornada: Per\u00edodo Integral<\/li>\n<li>\u00c1rea e especializa\u00e7\u00e3o profissional: Constru\u00e7\u00e3o, Manuten\u00e7\u00e3o &#8211; Manuten\u00e7\u00e3o Mec\u00e2nica<\/li>\n<li>N\u00edvel hier\u00e1rquico: Auxiliar<\/li>\n<\/ul>\n<p>VALORIZADO<\/p>\n<p>Tempo de experi\u00eancia: Sem experi\u00eancia<\/p>\n<p>Escolaridade M\u00ednima: Ensino M\u00e9dio (2\u00ba Grau)<\/p>\n<p>Sal\u00e1rio: 2500,0<\/p>\n","protected":false},"excerpt":{"rendered":"<p>Estamos em busca de um Auxiliar de Mec\u00e2nico para se juntar \u00e0 nossa equipe na PARVI. Como Auxiliar de Mec\u00e2nico, voc\u00ea ser\u00e1 fundamental para o suporte e assist\u00eancia nas atividades de manuten\u00e7\u00e3o e reparo de equipamentos mec\u00e2nicos. Vaga: Auxiliar de Mec\u00e2nico de Caminh\u00f5es Hor\u00e1rio: Segunda a sexta, das 8h \u00e0s 18h Remunera\u00e7\u00e3o: Sal\u00e1rio base da [&hellip;]<\/p>\n","protected":false},"author":1,"featured_media":0,"comment_status":"open","ping_status":"open","sticky":false,"template":"","format":"standard","meta":{"footnotes":""},"categories":[21],"tags":[],"class_list":["post-5449","post","type-post","status-publish","format-standard","hentry","category-rio-de-janeiro-rj"],"_links":{"self":[{"href":"https:\/\/vagas.portalemprego.com.br\/index.php?rest_route=\/wp\/v2\/posts\/5449","targetHints":{"allow":["GET"]}}],"collection":[{"href":"https:\/\/vagas.portalemprego.com.br\/index.php?rest_route=\/wp\/v2\/posts"}],"about":[{"href":"https:\/\/vagas.portalemprego.com.br\/index.php?rest_route=\/wp\/v2\/types\/post"}],"author":[{"embeddable":true,"href":"https:\/\/vagas.portalemprego.com.br\/index.php?rest_route=\/wp\/v2\/users\/1"}],"replies":[{"embeddable":true,"href":"https:\/\/vagas.portalemprego.com.br\/index.php?rest_route=%2Fwp%2Fv2%2Fcomments&post=5449"}],"version-history":[{"count":0,"href":"https:\/\/vagas.portalemprego.com.br\/index.php?rest_route=\/wp\/v2\/posts\/5449\/revisions"}],"wp:attachment":[{"href":"https:\/\/vagas.portalemprego.com.br\/index.php?rest_route=%2Fwp%2Fv2%2Fmedia&parent=5449"}],"wp:term":[{"taxonomy":"category","embeddable":true,"href":"https:\/\/vagas.portalemprego.com.br\/index.php?rest_route=%2Fwp%2Fv2%2Fcategories&post=5449"},{"taxonomy":"post_tag","embeddable":true,"href":"https:\/\/vagas.portalemprego.com.br\/index.php?rest_route=%2Fwp%2Fv2%2Ftags&post=5449"}],"curies":[{"name":"wp","href":"https:\/\/api.w.org\/{rel}","templated":true}]}}