{"id":5453,"date":"2026-04-29T06:30:30","date_gmt":"2026-04-29T09:30:30","guid":{"rendered":"https:\/\/vagas.portalemprego.com.br\/?p=5453"},"modified":"2026-04-29T06:30:30","modified_gmt":"2026-04-29T09:30:30","slug":"farmaceutico-hospitalar-saude-campos-dos-goytacazes","status":"publish","type":"post","link":"https:\/\/vagas.portalemprego.com.br\/?p=5453","title":{"rendered":"Farmac\u00eautico Hospitalar &#8211; Sa\u00fade &#8211; Campos dos Goytacazes"},"content":{"rendered":"<p>Estamos em busca de um Farmac\u00eautico Hospitalar para se juntar \u00e0 nossa equipe na UNIMED DE CAMPOS COOPERATIVA DE TRABALHO MEDICO.<br \/>\nComo parte da equipe de sa\u00fade, voc\u00ea desempenhar\u00e1 um papel crucial na garantia da seguran\u00e7a e efic\u00e1cia dos medicamentos fornecidos aos pacientes.<br \/>\nSua responsabilidade incluir\u00e1 a supervis\u00e3o da dispensa\u00e7\u00e3o de medicamentos, a colabora\u00e7\u00e3o com m\u00e9dicos e outros profissionais de sa\u00fade, e a manuten\u00e7\u00e3o de um ambiente de trabalho seguro e eficiente.<\/p>\n<p>O candidato ideal dever\u00e1 ter uma forma\u00e7\u00e3o reconhecida em Farm\u00e1cia, com registro ativo no Conselho Regional de Farm\u00e1cia.<br \/>\nExperi\u00eancia em ambiente hospitalar \u00e9 um diferencial, assim como a capacidade de trabalhar em equipe e de se comunicar efetivamente com pacientes e profissionais de sa\u00fade.<br \/>\nCompet\u00eancias t\u00e9cnicas em sistemas de informa\u00e7\u00e3o farmac\u00eautica e conhecimento em regulamenta\u00e7\u00f5es farmac\u00eauticas s\u00e3o essenciais.<\/p>\n<p>Se voc\u00ea est\u00e1 buscando uma oportunidade para aplicar seu conhecimento e habilidades em um ambiente de sa\u00fade comprometido com a excel\u00eancia e a qualidade, esta \u00e9 uma chance \u00fanica de fazer parte de uma equipe dedicada e de impactar positivamente a vida dos pacientes.<br \/>\nJunte-se \u00e0 n\u00f3s e contribua para a nossa miss\u00e3o de oferecer cuidados de sa\u00fade de alta qualidade.<\/p>\n<ul>\n<li>Local de trabalho: Campos dos Goytacazes, RJ<\/li>\n<li>Regime de contrata\u00e7\u00e3o de tipo: Efetivo \u2013 CLT<\/li>\n<li>Jornada: Per\u00edodo Integral<\/li>\n<li>\u00c1rea e especializa\u00e7\u00e3o profissional: Sa\u00fade &#8211; Farm\u00e1cia<\/li>\n<li>N\u00edvel hier\u00e1rquico: Especialista<\/li>\n<\/ul>\n<p>VALORIZADO<\/p>\n<p>Tempo de experi\u00eancia: Entre 1 e 3 anos<\/p>\n<p>Escolaridade M\u00ednima: P\u00f3s-gradua\u00e7\u00e3o &#8211; Especializa\u00e7\u00e3o\/MBA<\/p>\n<ul>\n<li>Vale Alimenta\u00e7\u00e3o<\/li>\n<li>Gympass<\/li>\n<li>Plano de Sa\u00fade<\/li>\n<li>Plano Odontol\u00f3gico<\/li>\n<li>DayOff Anivers\u00e1rio<\/li>\n<\/ul>\n","protected":false},"excerpt":{"rendered":"<p>Estamos em busca de um Farmac\u00eautico Hospitalar para se juntar \u00e0 nossa equipe na UNIMED DE CAMPOS COOPERATIVA DE TRABALHO MEDICO. Como parte da equipe de sa\u00fade, voc\u00ea desempenhar\u00e1 um papel crucial na garantia da seguran\u00e7a e efic\u00e1cia dos medicamentos fornecidos aos pacientes. Sua responsabilidade incluir\u00e1 a supervis\u00e3o da dispensa\u00e7\u00e3o de medicamentos, a colabora\u00e7\u00e3o com [&hellip;]<\/p>\n","protected":false},"author":1,"featured_media":0,"comment_status":"open","ping_status":"open","sticky":false,"template":"","format":"standard","meta":{"footnotes":""},"categories":[21],"tags":[],"class_list":["post-5453","post","type-post","status-publish","format-standard","hentry","category-rio-de-janeiro-rj"],"_links":{"self":[{"href":"https:\/\/vagas.portalemprego.com.br\/index.php?rest_route=\/wp\/v2\/posts\/5453","targetHints":{"allow":["GET"]}}],"collection":[{"href":"https:\/\/vagas.portalemprego.com.br\/index.php?rest_route=\/wp\/v2\/posts"}],"about":[{"href":"https:\/\/vagas.portalemprego.com.br\/index.php?rest_route=\/wp\/v2\/types\/post"}],"author":[{"embeddable":true,"href":"https:\/\/vagas.portalemprego.com.br\/index.php?rest_route=\/wp\/v2\/users\/1"}],"replies":[{"embeddable":true,"href":"https:\/\/vagas.portalemprego.com.br\/index.php?rest_route=%2Fwp%2Fv2%2Fcomments&post=5453"}],"version-history":[{"count":0,"href":"https:\/\/vagas.portalemprego.com.br\/index.php?rest_route=\/wp\/v2\/posts\/5453\/revisions"}],"wp:attachment":[{"href":"https:\/\/vagas.portalemprego.com.br\/index.php?rest_route=%2Fwp%2Fv2%2Fmedia&parent=5453"}],"wp:term":[{"taxonomy":"category","embeddable":true,"href":"https:\/\/vagas.portalemprego.com.br\/index.php?rest_route=%2Fwp%2Fv2%2Fcategories&post=5453"},{"taxonomy":"post_tag","embeddable":true,"href":"https:\/\/vagas.portalemprego.com.br\/index.php?rest_route=%2Fwp%2Fv2%2Ftags&post=5453"}],"curies":[{"name":"wp","href":"https:\/\/api.w.org\/{rel}","templated":true}]}}