{"id":5463,"date":"2026-04-29T06:30:30","date_gmt":"2026-04-29T09:30:30","guid":{"rendered":"https:\/\/vagas.portalemprego.com.br\/?p=5463"},"modified":"2026-04-29T06:30:30","modified_gmt":"2026-04-29T09:30:30","slug":"assistente-administrativo-ilha-do-governador-rj-administracao-rio-de-janeiro","status":"publish","type":"post","link":"https:\/\/vagas.portalemprego.com.br\/?p=5463","title":{"rendered":"ASSISTENTE ADMINISTRATIVO &#8211; ILHA DO GOVERNADOR &#8211; RJ &#8211; Administra\u00e7\u00e3o &#8211; Rio de Janeiro"},"content":{"rendered":"<p>VAGA DE ASSISTENTE ADMINISTRATIVO &#8211; ILHA DO GOVERNADOR<br \/>\nVoc\u00ea acredita no poder dos alimentos saud\u00e1veis e sustent\u00e1veis para transformar vidas?<br \/>\nSe tem paix\u00e3o por produtos naturais e quer fazer parte de uma empresa que valoriza a qualidade, a sa\u00fade e o bem-estar, essa oportunidade \u00e9 para voc\u00ea!<br \/>\nO profissional ter\u00e1 a chance de crescer e se desenvolver profissionalmente, contribuindo para oferecer a melhor experi\u00eancia de compra aos clientes.<br \/>\nConfira os pr\u00e9-requisitos e descubra se essa vaga combina com voc\u00ea!<br \/>\nRequisitos:<br \/>\n&#8211; Morar na Ilha do Governador ou adjac\u00eancias.<br \/>\n&#8211; Desej\u00e1vel Ensino Superior<br \/>\n.- Pacote Office intermedi\u00e1rio<br \/>\n&#8211; Experi\u00eancia na fun\u00e7\u00e3o<br \/>\nAtribui\u00e7\u00f5es:<br \/>\n-Apoio e suporte nas \u00e1reas administrativas, marketing, financeira, log\u00edstica, etc<br \/>\n-Atendimento ao cliente e fornecedores;<br \/>\n-Respons\u00e1vel pelo Delivery;-Prospec\u00e7\u00e3o de clientes;<br \/>\n-Divulga\u00e7\u00e3o e publicidade;<br \/>\n-Acompanhamento das vendas<br \/>\n&#8211; Dentre outras atividades pertinentes ao cargo<\/p>\n<p>Hor\u00e1rio de trabalho: 44h semanais (segunda a s\u00e1bado)<\/p>\n<ul>\n<li>Local de trabalho: Rio de Janeiro, RJ<\/li>\n<li>Regime de contrata\u00e7\u00e3o de tipo: Efetivo \u2013 CLT<\/li>\n<li>Jornada: Per\u00edodo Integral<\/li>\n<li>\u00c1rea e especializa\u00e7\u00e3o profissional: Administra\u00e7\u00e3o &#8211; Administra\u00e7\u00e3o Geral<\/li>\n<li>N\u00edvel hier\u00e1rquico: Assistente<\/li>\n<\/ul>\n<p>VALORIZADO<\/p>\n<p>Tempo de experi\u00eancia: Entre 1 e 3 anos<\/p>\n<p>HABILIDADES<\/p>\n<ul>\n<li>Vis\u00e3o Estrat\u00e9gica<\/li>\n<li>Proatividade<\/li>\n<li>Microsoft Excel<\/li>\n<li>Persuas\u00e3o<\/li>\n<li>Multitarefas<\/li>\n<li>Detalhista<\/li>\n<\/ul>\n<p>Escolaridade M\u00ednima: Ensino Superior<\/p>\n<ul>\n<li>Vale transporte<\/li>\n<li>B\u00f4nus<\/li>\n<li>Vale Refei\u00e7\u00e3o<\/li>\n<\/ul>\n","protected":false},"excerpt":{"rendered":"<p>VAGA DE ASSISTENTE ADMINISTRATIVO &#8211; ILHA DO GOVERNADOR Voc\u00ea acredita no poder dos alimentos saud\u00e1veis e sustent\u00e1veis para transformar vidas? Se tem paix\u00e3o por produtos naturais e quer fazer parte de uma empresa que valoriza a qualidade, a sa\u00fade e o bem-estar, essa oportunidade \u00e9 para voc\u00ea! O profissional ter\u00e1 a chance de crescer e [&hellip;]<\/p>\n","protected":false},"author":1,"featured_media":0,"comment_status":"open","ping_status":"open","sticky":false,"template":"","format":"standard","meta":{"footnotes":""},"categories":[21],"tags":[],"class_list":["post-5463","post","type-post","status-publish","format-standard","hentry","category-rio-de-janeiro-rj"],"_links":{"self":[{"href":"https:\/\/vagas.portalemprego.com.br\/index.php?rest_route=\/wp\/v2\/posts\/5463","targetHints":{"allow":["GET"]}}],"collection":[{"href":"https:\/\/vagas.portalemprego.com.br\/index.php?rest_route=\/wp\/v2\/posts"}],"about":[{"href":"https:\/\/vagas.portalemprego.com.br\/index.php?rest_route=\/wp\/v2\/types\/post"}],"author":[{"embeddable":true,"href":"https:\/\/vagas.portalemprego.com.br\/index.php?rest_route=\/wp\/v2\/users\/1"}],"replies":[{"embeddable":true,"href":"https:\/\/vagas.portalemprego.com.br\/index.php?rest_route=%2Fwp%2Fv2%2Fcomments&post=5463"}],"version-history":[{"count":0,"href":"https:\/\/vagas.portalemprego.com.br\/index.php?rest_route=\/wp\/v2\/posts\/5463\/revisions"}],"wp:attachment":[{"href":"https:\/\/vagas.portalemprego.com.br\/index.php?rest_route=%2Fwp%2Fv2%2Fmedia&parent=5463"}],"wp:term":[{"taxonomy":"category","embeddable":true,"href":"https:\/\/vagas.portalemprego.com.br\/index.php?rest_route=%2Fwp%2Fv2%2Fcategories&post=5463"},{"taxonomy":"post_tag","embeddable":true,"href":"https:\/\/vagas.portalemprego.com.br\/index.php?rest_route=%2Fwp%2Fv2%2Ftags&post=5463"}],"curies":[{"name":"wp","href":"https:\/\/api.w.org\/{rel}","templated":true}]}}