{"id":5493,"date":"2026-04-29T06:32:32","date_gmt":"2026-04-29T09:32:32","guid":{"rendered":"https:\/\/vagas.portalemprego.com.br\/?p=5493"},"modified":"2026-04-29T06:32:32","modified_gmt":"2026-04-29T09:32:32","slug":"assistente-administrativo-de-manutencao-construcao-manutencao-campos-dos-goytacazes","status":"publish","type":"post","link":"https:\/\/vagas.portalemprego.com.br\/?p=5493","title":{"rendered":"Assistente Administrativo de Manuten\u00e7\u00e3o &#8211; Constru\u00e7\u00e3o, Manuten\u00e7\u00e3o &#8211; Campos dos Goytacazes"},"content":{"rendered":"<p>Oportunidade de Carreira em Ambiente din\u00e2mico e em crescimento!<br \/>\nEstamos \u00e0 procura de um profissional dedicado e organizado para se juntar \u00e0 nossa equipe como Assistente Administrativo de Manuten\u00e7\u00e3o na Fiel Turismo.<br \/>\nEste cargo \u00e9 fundamental para garantir que todas as opera\u00e7\u00f5es administrativas e de manuten\u00e7\u00e3o da empresa funcionem de forma eficiente e alinhada com nossos padr\u00f5es de qualidade.<br \/>\nComo Assistente Administrativo de Manuten\u00e7\u00e3o, voc\u00ea ser\u00e1 respons\u00e1vel por gerenciar e coordenar as atividades de manuten\u00e7\u00e3o da frota, controlar e guardar os itens do almoxarifado, atender a reuni\u00f5es, e realizar atendimento fora da base com o telefone oficial do setor, recebendo e tratandop demandas dos motoristas.<br \/>\nAl\u00e9m disso, voc\u00ea ser\u00e1 o ponto de contato para quest\u00f5es administrativas relacionadas \u00e0 manuten\u00e7\u00e3o, garantindo que todas as atividades sejam realizadas de acordo com os procedimentos estabelecidos e os prazos necess\u00e1rios.<br \/>\nExperi\u00eancia em gest\u00e3o de manuten\u00e7\u00e3o de veiculos \u00e9 um diferencial.<br \/>\nHabilidades organizacionais apuradas, capacidade de comunica\u00e7\u00e3o eficaz e aten\u00e7\u00e3o aos detalhes s\u00e3o caracter\u00edsticas fundamentais para este cargo.<br \/>\nSe voc\u00ea \u00e9 uma pessoa meticulosa, com uma mentalidade de solu\u00e7\u00e3o de problemas e um forte senso de responsabilidade, esta oportunidade \u00e9 para voc\u00ea.<br \/>\nJunte-se \u00e0 Fiel Turismo e fa\u00e7a parte de uma equipe comprometida com a excel\u00eancia e o crescimento cont\u00ednuo.<br \/>\nA Fiel Turismo valoriza um ambiente de trabalho inclusivo e equitativo, onde cada membro da equipe \u00e9 encorajado a contribuir para o sucesso da empresa.<br \/>\nVenha fazer parte de uma equipe que se dedica a superar as expectativas de nossos clientes e parceiros.<\/p>\n<p>Aguardamos seu interesse e candidatura para este desafio incr\u00edvel!<\/p>\n<ul>\n<li>N\u00famero de vagas: 2<\/li>\n<li>Local de trabalho: Campos dos Goytacazes, RJ<\/li>\n<li>Regime de contrata\u00e7\u00e3o de tipo: Efetivo \u2013 CLT<\/li>\n<li>Jornada: Per\u00edodo Integral<\/li>\n<li>\u00c1rea e especializa\u00e7\u00e3o profissional: Constru\u00e7\u00e3o, Manuten\u00e7\u00e3o &#8211; Manuten\u00e7\u00e3o em Geral<\/li>\n<li>N\u00edvel hier\u00e1rquico: Assistente<\/li>\n<\/ul>\n<p>VALORIZADO<\/p>\n<p>Tempo de experi\u00eancia: Entre 1 e 3 anos<\/p>\n<p>Escolaridade M\u00ednima: Ensino M\u00e9dio (2\u00ba Grau)<\/p>\n<ul>\n<li>Sal\u00e1rio compativel com a fun\u00e7\u00e3o<\/li>\n<li>vale refei\u00e7\u00e3o<\/li>\n<li>vale transporte<\/li>\n<li>plano de saude<\/li>\n<li>plano odontol\u00f3gico<\/li>\n<\/ul>\n","protected":false},"excerpt":{"rendered":"<p>Oportunidade de Carreira em Ambiente din\u00e2mico e em crescimento! Estamos \u00e0 procura de um profissional dedicado e organizado para se juntar \u00e0 nossa equipe como Assistente Administrativo de Manuten\u00e7\u00e3o na Fiel Turismo. Este cargo \u00e9 fundamental para garantir que todas as opera\u00e7\u00f5es administrativas e de manuten\u00e7\u00e3o da empresa funcionem de forma eficiente e alinhada com [&hellip;]<\/p>\n","protected":false},"author":1,"featured_media":0,"comment_status":"open","ping_status":"open","sticky":false,"template":"","format":"standard","meta":{"footnotes":""},"categories":[21],"tags":[],"class_list":["post-5493","post","type-post","status-publish","format-standard","hentry","category-rio-de-janeiro-rj"],"_links":{"self":[{"href":"https:\/\/vagas.portalemprego.com.br\/index.php?rest_route=\/wp\/v2\/posts\/5493","targetHints":{"allow":["GET"]}}],"collection":[{"href":"https:\/\/vagas.portalemprego.com.br\/index.php?rest_route=\/wp\/v2\/posts"}],"about":[{"href":"https:\/\/vagas.portalemprego.com.br\/index.php?rest_route=\/wp\/v2\/types\/post"}],"author":[{"embeddable":true,"href":"https:\/\/vagas.portalemprego.com.br\/index.php?rest_route=\/wp\/v2\/users\/1"}],"replies":[{"embeddable":true,"href":"https:\/\/vagas.portalemprego.com.br\/index.php?rest_route=%2Fwp%2Fv2%2Fcomments&post=5493"}],"version-history":[{"count":0,"href":"https:\/\/vagas.portalemprego.com.br\/index.php?rest_route=\/wp\/v2\/posts\/5493\/revisions"}],"wp:attachment":[{"href":"https:\/\/vagas.portalemprego.com.br\/index.php?rest_route=%2Fwp%2Fv2%2Fmedia&parent=5493"}],"wp:term":[{"taxonomy":"category","embeddable":true,"href":"https:\/\/vagas.portalemprego.com.br\/index.php?rest_route=%2Fwp%2Fv2%2Fcategories&post=5493"},{"taxonomy":"post_tag","embeddable":true,"href":"https:\/\/vagas.portalemprego.com.br\/index.php?rest_route=%2Fwp%2Fv2%2Ftags&post=5493"}],"curies":[{"name":"wp","href":"https:\/\/api.w.org\/{rel}","templated":true}]}}