{"id":5496,"date":"2026-04-29T06:32:32","date_gmt":"2026-04-29T09:32:32","guid":{"rendered":"https:\/\/vagas.portalemprego.com.br\/?p=5496"},"modified":"2026-04-29T06:32:32","modified_gmt":"2026-04-29T09:32:32","slug":"medico-do-trabalho-saude-rio-de-janeiro-4","status":"publish","type":"post","link":"https:\/\/vagas.portalemprego.com.br\/?p=5496","title":{"rendered":"M\u00e9dico do Trabalho &#8211; Sa\u00fade &#8211; Rio de Janeiro"},"content":{"rendered":"<p>A Casas Pedro, empresa com mais de 90 anos de tradi\u00e7\u00e3o no varejo aliment\u00edcio, est\u00e1 em busca de um(a) M\u00e9dico(a) do Trabalho para integrar o nosso time!<br \/>\nBuscamos um(a) profissional com olhar atento \u00e0 sa\u00fade ocupacional, que atue de forma preventiva, acolhedora e t\u00e9cnica, tanto no escrit\u00f3rio quanto em visitas \u00e0s nossas unidades.<br \/>\nPrincipais Atividades:<br \/>\nRealizar e registrar exames m\u00e9dicos ocupacionais (admissionais, peri\u00f3dicos, demissionais, de retorno ao trabalho e de mudan\u00e7a de fun\u00e7\u00e3o);<br \/>\nAvaliar as condi\u00e7\u00f5es de sa\u00fade dos colaboradores, orientando sobre aptid\u00f5es e restri\u00e7\u00f5es;<br \/>\nDesenvolver e executar o PCMSO, mantendo atualizados os prontu\u00e1rios m\u00e9dicos e realizando encaminhamentos necess\u00e1rios;<br \/>\nIdentificar, avaliar e monitorar riscos ocupacionais (qu\u00edmicos, f\u00edsicos, biol\u00f3gicos, ergon\u00f4micos e psicossociais);<br \/>\nAtuar junto ao SESMT, promovendo a\u00e7\u00f5es de preven\u00e7\u00e3o, seguran\u00e7a e bem-estar;<br \/>\nAtender casos emergenciais e acidentes de trabalho, emitindo laudos e pareceres;<br \/>\nContribuir para a inclus\u00e3o e adapta\u00e7\u00e3o de colaboradores com condi\u00e7\u00f5es de sa\u00fade espec\u00edficas;<br \/>\nRealizar atendimentos e visitas externas \u00e0s filiais, quando necess\u00e1rio;<br \/>\nParticipar de reuni\u00f5es e per\u00edcias m\u00e9dicas, representando a empresa com \u00e9tica e profissionalismo.<br \/>\nRequisitos:<br \/>\nGradua\u00e7\u00e3o em Medicina com RQE em Medicina do Trabalho;<br \/>\nExperi\u00eancia comprovada na \u00e1rea de Medicina do Trabalho;<br \/>\nDisponibilidade para atua\u00e7\u00e3o h\u00edbrida (interna e externa);<br \/>\nCarga hor\u00e1ria: 15h semanais.<br \/>\nDesej\u00e1veis:<br \/>\nViv\u00eancia no ramo do varejo aliment\u00edcio;<br \/>\nConhecimento das Normas Regulamentadoras (NRs);<br \/>\nFamiliaridade com o Pacote Office e\/ou Protheus.<br \/>\nBenef\u00edcios:<br \/>\nVale-Transporte ou Flex Car<br \/>\nVale-Refei\u00e7\u00e3o ou Vale-Alimenta\u00e7\u00e3o<br \/>\nPlano de Sa\u00fade (com coparticipa\u00e7\u00e3o)<br \/>\nPlano Odontol\u00f3gico<br \/>\nWellhub<br \/>\nPlano de Carreira<br \/>\nParticipa\u00e7\u00e3o nos Lucros e Resultados (PLR)<\/p>\n<ul>\n<li>Local de trabalho: Rio de Janeiro, RJ<\/li>\n<li>Regime de contrata\u00e7\u00e3o de tipo: Efetivo \u2013 CLT<\/li>\n<li>Jornada: Parcial tardes<\/li>\n<li>\u00c1rea e especializa\u00e7\u00e3o profissional: Sa\u00fade &#8211; Medicina do trabalho<\/li>\n<li>N\u00edvel hier\u00e1rquico: Especialista<\/li>\n<\/ul>\n<p>Escolaridade M\u00ednima: Ensino Superior<\/p>\n","protected":false},"excerpt":{"rendered":"<p>A Casas Pedro, empresa com mais de 90 anos de tradi\u00e7\u00e3o no varejo aliment\u00edcio, est\u00e1 em busca de um(a) M\u00e9dico(a) do Trabalho para integrar o nosso time! Buscamos um(a) profissional com olhar atento \u00e0 sa\u00fade ocupacional, que atue de forma preventiva, acolhedora e t\u00e9cnica, tanto no escrit\u00f3rio quanto em visitas \u00e0s nossas unidades. Principais Atividades: [&hellip;]<\/p>\n","protected":false},"author":1,"featured_media":0,"comment_status":"open","ping_status":"open","sticky":false,"template":"","format":"standard","meta":{"footnotes":""},"categories":[21],"tags":[],"class_list":["post-5496","post","type-post","status-publish","format-standard","hentry","category-rio-de-janeiro-rj"],"_links":{"self":[{"href":"https:\/\/vagas.portalemprego.com.br\/index.php?rest_route=\/wp\/v2\/posts\/5496","targetHints":{"allow":["GET"]}}],"collection":[{"href":"https:\/\/vagas.portalemprego.com.br\/index.php?rest_route=\/wp\/v2\/posts"}],"about":[{"href":"https:\/\/vagas.portalemprego.com.br\/index.php?rest_route=\/wp\/v2\/types\/post"}],"author":[{"embeddable":true,"href":"https:\/\/vagas.portalemprego.com.br\/index.php?rest_route=\/wp\/v2\/users\/1"}],"replies":[{"embeddable":true,"href":"https:\/\/vagas.portalemprego.com.br\/index.php?rest_route=%2Fwp%2Fv2%2Fcomments&post=5496"}],"version-history":[{"count":0,"href":"https:\/\/vagas.portalemprego.com.br\/index.php?rest_route=\/wp\/v2\/posts\/5496\/revisions"}],"wp:attachment":[{"href":"https:\/\/vagas.portalemprego.com.br\/index.php?rest_route=%2Fwp%2Fv2%2Fmedia&parent=5496"}],"wp:term":[{"taxonomy":"category","embeddable":true,"href":"https:\/\/vagas.portalemprego.com.br\/index.php?rest_route=%2Fwp%2Fv2%2Fcategories&post=5496"},{"taxonomy":"post_tag","embeddable":true,"href":"https:\/\/vagas.portalemprego.com.br\/index.php?rest_route=%2Fwp%2Fv2%2Ftags&post=5496"}],"curies":[{"name":"wp","href":"https:\/\/api.w.org\/{rel}","templated":true}]}}