{"id":5503,"date":"2026-04-29T06:32:32","date_gmt":"2026-04-29T09:32:32","guid":{"rendered":"https:\/\/vagas.portalemprego.com.br\/?p=5503"},"modified":"2026-04-29T06:32:32","modified_gmt":"2026-04-29T09:32:32","slug":"vendedor-moto-eletrica-comercial-vendas-cabo-frio","status":"publish","type":"post","link":"https:\/\/vagas.portalemprego.com.br\/?p=5503","title":{"rendered":"Vendedor Moto El\u00e9trica &#8211; Comercial, Vendas &#8211; Cabo Frio"},"content":{"rendered":"<p>Descri\u00e7\u00e3o da vaga<br \/>\nMiss\u00e3o da Fun\u00e7\u00e3o:\u00a0Ser o elo entre a empresa e o cliente,\u00a0gerando novas oportunidades de neg\u00f3cio e expandindo a presen\u00e7a da marca na regi\u00e3o de Nova Igua\u00e7u\/RJ. O vendedor ser\u00e1 respons\u00e1vel por conectar solu\u00e7\u00f5es a pessoas, com empatia, estrat\u00e9gia e comprometimento.<\/p>\n<p>O que voc\u00ea far\u00e1:<br \/>\nProspectar e qualificar clientes atrav\u00e9s de\u00a0visitas externas e contatos telef\u00f4nicos;<br \/>\nRealizar\u00a0apresenta\u00e7\u00f5es comerciais personalizadas, demonstrando os diferenciais dos produtos\/servi\u00e7os;<br \/>\nNegociar condi\u00e7\u00f5es,\u00a0fechar vendas e superar metas mensais;<br \/>\nManter relacionamento pr\u00f3ximo com clientes, garantindo\u00a0satisfa\u00e7\u00e3o e fideliza\u00e7\u00e3o;<br \/>\nElaborar relat\u00f3rios de visitas e vendas, utilizando ferramentas de CRM.<br \/>\nO que buscamos:<br \/>\nExperi\u00eancia comprovada em\u00a0vendas externas\u00a0(porta a porta, B2C ou revendas);<br \/>\nBoa comunica\u00e7\u00e3o e habilidade de negocia\u00e7\u00e3o;<br \/>\nConhecimento b\u00e1sico em inform\u00e1tica (Pacote Office e CRM);<br \/>\nPerfil din\u00e2mico, com energia para atuar nas ruas e foco em metas.<\/p>\n<p>Por que essa vaga \u00e9 especial:<br \/>\nVoc\u00ea far\u00e1 parte de uma empresa que valoriza o relacionamento humano e o crescimento profissional, em um ambiente din\u00e2mico e colaborativo. Aqui, cada venda \u00e9 mais do que um n\u00famero \u2014 \u00e9 uma parceria constru\u00edda com prop\u00f3sito.<\/p>\n<p>Sal\u00e1rio:<br \/>\nR$1712 por M\u00eas<br \/>\nBenef\u00edcios<br \/>\nVale Transporte ou Vale Combust\u00edvel<br \/>\nVale Refei\u00e7\u00e3o Flex\u00edvel R$ 20<br \/>\nConv\u00eanio com farm\u00e1cias<br \/>\nConv\u00eanio com Faculdades<br \/>\nDay Off Anivers\u00e1rio<\/p>\n<ul>\n<li>N\u00famero de vagas: 2<\/li>\n<li>Local de trabalho: Cabo Frio, RJ<\/li>\n<li>Regime de contrata\u00e7\u00e3o de tipo: Efetivo \u2013 CLT<\/li>\n<li>Jornada: Per\u00edodo Integral<\/li>\n<li>\u00c1rea e especializa\u00e7\u00e3o profissional: Comercial, Vendas &#8211; Venda Externa<\/li>\n<li>N\u00edvel hier\u00e1rquico: Consultor<\/li>\n<\/ul>\n<p>VALORIZADO<\/p>\n<p>Tempo de experi\u00eancia: Entre 1 e 3 anos<\/p>\n<p>Escolaridade M\u00ednima: Ensino M\u00e9dio (2\u00ba Grau)<\/p>\n<p>Sal\u00e1rio: 1712,0<\/p>\n","protected":false},"excerpt":{"rendered":"<p>Descri\u00e7\u00e3o da vaga Miss\u00e3o da Fun\u00e7\u00e3o:\u00a0Ser o elo entre a empresa e o cliente,\u00a0gerando novas oportunidades de neg\u00f3cio e expandindo a presen\u00e7a da marca na regi\u00e3o de Nova Igua\u00e7u\/RJ. O vendedor ser\u00e1 respons\u00e1vel por conectar solu\u00e7\u00f5es a pessoas, com empatia, estrat\u00e9gia e comprometimento. O que voc\u00ea far\u00e1: Prospectar e qualificar clientes atrav\u00e9s de\u00a0visitas externas e [&hellip;]<\/p>\n","protected":false},"author":1,"featured_media":0,"comment_status":"open","ping_status":"open","sticky":false,"template":"","format":"standard","meta":{"footnotes":""},"categories":[21],"tags":[],"class_list":["post-5503","post","type-post","status-publish","format-standard","hentry","category-rio-de-janeiro-rj"],"_links":{"self":[{"href":"https:\/\/vagas.portalemprego.com.br\/index.php?rest_route=\/wp\/v2\/posts\/5503","targetHints":{"allow":["GET"]}}],"collection":[{"href":"https:\/\/vagas.portalemprego.com.br\/index.php?rest_route=\/wp\/v2\/posts"}],"about":[{"href":"https:\/\/vagas.portalemprego.com.br\/index.php?rest_route=\/wp\/v2\/types\/post"}],"author":[{"embeddable":true,"href":"https:\/\/vagas.portalemprego.com.br\/index.php?rest_route=\/wp\/v2\/users\/1"}],"replies":[{"embeddable":true,"href":"https:\/\/vagas.portalemprego.com.br\/index.php?rest_route=%2Fwp%2Fv2%2Fcomments&post=5503"}],"version-history":[{"count":0,"href":"https:\/\/vagas.portalemprego.com.br\/index.php?rest_route=\/wp\/v2\/posts\/5503\/revisions"}],"wp:attachment":[{"href":"https:\/\/vagas.portalemprego.com.br\/index.php?rest_route=%2Fwp%2Fv2%2Fmedia&parent=5503"}],"wp:term":[{"taxonomy":"category","embeddable":true,"href":"https:\/\/vagas.portalemprego.com.br\/index.php?rest_route=%2Fwp%2Fv2%2Fcategories&post=5503"},{"taxonomy":"post_tag","embeddable":true,"href":"https:\/\/vagas.portalemprego.com.br\/index.php?rest_route=%2Fwp%2Fv2%2Ftags&post=5503"}],"curies":[{"name":"wp","href":"https:\/\/api.w.org\/{rel}","templated":true}]}}