{"id":5505,"date":"2026-04-29T06:32:32","date_gmt":"2026-04-29T09:32:32","guid":{"rendered":"https:\/\/vagas.portalemprego.com.br\/?p=5505"},"modified":"2026-04-29T06:32:32","modified_gmt":"2026-04-29T09:32:32","slug":"arquivista-ciencias-pesquisa-rio-de-janeiro-2","status":"publish","type":"post","link":"https:\/\/vagas.portalemprego.com.br\/?p=5505","title":{"rendered":"Arquivista &#8211; Ci\u00eancias, Pesquisa &#8211; Rio de Janeiro"},"content":{"rendered":"<p>Resumo do Cargo\u00a0<br \/>\nA Iron Mountain est\u00e1 buscando um arquivista din\u00e2mico e experiente para se juntar \u00e0 nossa equipe de Servi\u00e7os de Gest\u00e3o da Informa\u00e7\u00e3o.<br \/>\nNeste papel, voc\u00ea ser\u00e1 respons\u00e1vel por organizar, preservar e gerenciar acervos documentais, garantindo sua integridade e acessibilidade a longo prazo, e acompanhar a aplica\u00e7\u00e3o de processos de gest\u00e3o documental arquiv\u00edstica.<br \/>\nO Que Voc\u00ea Far\u00e1 (Responsabilidades)<br \/>\nNeste papel, voc\u00ea ir\u00e1:<br \/>\nProcessar e Organizar Acervos: Liderar a cataloga\u00e7\u00e3o, descri\u00e7\u00e3o e indexa\u00e7\u00e3o de materiais de arquivo, desenvolvendo instrumentos de pesquisa para facilitar a recupera\u00e7\u00e3o e o uso da informa\u00e7\u00e3o para os clientes.<br \/>\nColaborar e Gerenciar Projetos: Trabalhar em conjunto com equipes internas, clientes e partes interessadas para definir escopos de projetos de arquivamento, assegurando a entrega de resultados no prazo e dentro do or\u00e7amento.<br \/>\nGarantir Conformidade: Assegurar a aplica\u00e7\u00e3o das pol\u00edticas de reten\u00e7\u00e3o e elimina\u00e7\u00e3o, plano de classifica\u00e7\u00e3o e manuais de normas, garantindo a conformidade com as normas regulat\u00f3rias e pol\u00edticas internas de gest\u00e3o de registros.<br \/>\nO Que Voc\u00ea Trar\u00e1 (Habilidades e Qualifica\u00e7\u00f5es) (What You&#8217;ll Bring)<br \/>\nO candidato ideal ter\u00e1:<br \/>\n3+ anos de experi\u00eancia como arquivista\/bibliotec\u00e1rio em ambiente corporativo ou institucional, com foco em gest\u00e3o de grandes volumes documentais.<br \/>\nS\u00f3lido conhecimento de avalia\u00e7\u00e3o, classifica\u00e7\u00e3o e organiza\u00e7\u00e3o documental com refer\u00eancias \u00e0s ci\u00eancias de Arquivologia.<br \/>\nCapacidade comprovada em aten\u00e7\u00e3o meticulosa aos detalhes, precis\u00e3o na entrada de dados e gest\u00e3o eficiente do tempo.<br \/>\nGradua\u00e7\u00e3o completa em Arquivologia ou Biblioteconomia (Requisito obrigat\u00f3rio ou padr\u00e3o da ind\u00fastria para a fun\u00e7\u00e3o).<br \/>\nO Que N\u00f3s Oferecemos (Benef\u00edcios)\u00a0<br \/>\nTurno de 44h semanais, de segunda-feira a sexta-feira<br \/>\nLocaliza\u00e7\u00e3o: Centro do Rio de Janeiro.<br \/>\nRemunera\u00e7\u00e3o e benef\u00edcios competitivos alinhados com a experi\u00eancia.<br \/>\nPlanos abrangentes de sa\u00fade, bem-estar e aposentadoria.<br \/>\nOportunidades para aprendizado cont\u00ednuo e crescimento profissional.<\/p>\n<ul>\n<li>N\u00famero de vagas: 2<\/li>\n<li>Local de trabalho: Rio de Janeiro, RJ<\/li>\n<li>Regime de contrata\u00e7\u00e3o de tipo: Efetivo \u2013 CLT<\/li>\n<li>Jornada: Per\u00edodo Integral<\/li>\n<li>\u00c1rea e especializa\u00e7\u00e3o profissional: Ci\u00eancias, Pesquisa &#8211; Arquivologia<\/li>\n<li>N\u00edvel hier\u00e1rquico: Analista<\/li>\n<\/ul>\n<p>VALORIZADO<\/p>\n<p>Tempo de experi\u00eancia: Entre 1 e 3 anos<\/p>\n<p>Escolaridade M\u00ednima: Ensino Superior<\/p>\n","protected":false},"excerpt":{"rendered":"<p>Resumo do Cargo\u00a0 A Iron Mountain est\u00e1 buscando um arquivista din\u00e2mico e experiente para se juntar \u00e0 nossa equipe de Servi\u00e7os de Gest\u00e3o da Informa\u00e7\u00e3o. Neste papel, voc\u00ea ser\u00e1 respons\u00e1vel por organizar, preservar e gerenciar acervos documentais, garantindo sua integridade e acessibilidade a longo prazo, e acompanhar a aplica\u00e7\u00e3o de processos de gest\u00e3o documental arquiv\u00edstica. [&hellip;]<\/p>\n","protected":false},"author":1,"featured_media":0,"comment_status":"open","ping_status":"open","sticky":false,"template":"","format":"standard","meta":{"footnotes":""},"categories":[21],"tags":[],"class_list":["post-5505","post","type-post","status-publish","format-standard","hentry","category-rio-de-janeiro-rj"],"_links":{"self":[{"href":"https:\/\/vagas.portalemprego.com.br\/index.php?rest_route=\/wp\/v2\/posts\/5505","targetHints":{"allow":["GET"]}}],"collection":[{"href":"https:\/\/vagas.portalemprego.com.br\/index.php?rest_route=\/wp\/v2\/posts"}],"about":[{"href":"https:\/\/vagas.portalemprego.com.br\/index.php?rest_route=\/wp\/v2\/types\/post"}],"author":[{"embeddable":true,"href":"https:\/\/vagas.portalemprego.com.br\/index.php?rest_route=\/wp\/v2\/users\/1"}],"replies":[{"embeddable":true,"href":"https:\/\/vagas.portalemprego.com.br\/index.php?rest_route=%2Fwp%2Fv2%2Fcomments&post=5505"}],"version-history":[{"count":0,"href":"https:\/\/vagas.portalemprego.com.br\/index.php?rest_route=\/wp\/v2\/posts\/5505\/revisions"}],"wp:attachment":[{"href":"https:\/\/vagas.portalemprego.com.br\/index.php?rest_route=%2Fwp%2Fv2%2Fmedia&parent=5505"}],"wp:term":[{"taxonomy":"category","embeddable":true,"href":"https:\/\/vagas.portalemprego.com.br\/index.php?rest_route=%2Fwp%2Fv2%2Fcategories&post=5505"},{"taxonomy":"post_tag","embeddable":true,"href":"https:\/\/vagas.portalemprego.com.br\/index.php?rest_route=%2Fwp%2Fv2%2Ftags&post=5505"}],"curies":[{"name":"wp","href":"https:\/\/api.w.org\/{rel}","templated":true}]}}