{"id":5508,"date":"2026-04-29T06:32:32","date_gmt":"2026-04-29T09:32:32","guid":{"rendered":"https:\/\/vagas.portalemprego.com.br\/?p=5508"},"modified":"2026-04-29T06:32:32","modified_gmt":"2026-04-29T09:32:32","slug":"tecnico-em-quimica-tres-rios-rj-meio-ambiente-ecologia-tres-rios","status":"publish","type":"post","link":"https:\/\/vagas.portalemprego.com.br\/?p=5508","title":{"rendered":"T\u00e9cnico em Qu\u00edmica \u2013 Tr\u00eas Rios\/RJ &#8211; Meio Ambiente, Ecologia &#8211; Tr\u00eas Rios"},"content":{"rendered":"<p>Estamos em busca de uma pessoa para atuar conosco como\u00a0T\u00e9cnico em Qu\u00edmica para fazer parte de nossa equipe e atuar em\u00a0Tr\u00eas Rios\/RJ.<\/p>\n<p>Responsabilidades e atribui\u00e7\u00f5es:\u00a0<br \/>\nGarantir o bom funcionamento dos processos e equipamentos de dosagens de qu\u00edmicos dentro do ambiente industrial;<br \/>\nImplanta\u00e7\u00e3o de novos produtos e testagem;<br \/>\nRealizar manuten\u00e7\u00f5es corretivas e preventivas nos equipamentos (mec\u00e2nicas e hidr\u00e1ulicas);<br \/>\nConfeccionar relat\u00f3rios t\u00e9cnicos, procedimentos e apresenta\u00e7\u00e3o de resultados para a empresa.<br \/>\nMonitorar estoque de produtos e o consumo de produtos, garantindo o abastecimento adequado;<br \/>\nSugest\u00f5es de melhorias operacionais e resolu\u00e7\u00e3o de problemas;<br \/>\nCumprir os requisitos de seguran\u00e7a da empresa;<br \/>\nRealizar o controle de dosagem qu\u00edmica nos produtos utilizados nas instala\u00e7\u00f5es dos clientes para assegurar que estejam dentro das varia\u00e7\u00f5es estabelecidas;<br \/>\nColetar amostras e realizar as an\u00e1lises f\u00edsico-qu\u00edmicas reportando os resultados ao laborat\u00f3rio central e ao cliente;<br \/>\nDetectar e reportar falhas e\/ou problemas com produtos quando estiverem fora das varia\u00e7\u00f5es estabelecidas, oferecendo alternativas rent\u00e1veis, conforme necess\u00e1rio;<br \/>\nParticipar de reuni\u00f5es com a equipe para promover melhorias em atendimento ao cliente;<br \/>\nReportar servi\u00e7os conclu\u00eddos, fornecendo clareza e valor ao cliente.<br \/>\nAtuar com servi\u00e7os t\u00e9cnicos nos equipamentos de tratamentos qu\u00edmicos nas instala\u00e7\u00f5es dos clientes assegurando a efici\u00eancia e funcionalidade dos mesmos;<br \/>\nAuxiliar as opera\u00e7\u00f5es dos clientes e garantir que estejam em conformidade com as normas de seguran\u00e7a, de modo a mensurar o resultado ao programa de solu\u00e7\u00f5es oferecido pela empresa.<\/p>\n<p>Requisitos e qualifica\u00e7\u00f5es:\u00a0<br \/>\nFormados no curso T\u00e9cnico em Qu\u00edmica, Meio Ambiente e\/ou \u00e1rea correlatas.<br \/>\nPossuir registro CRQ (ativo ou apto a ativar);<br \/>\nProfissionais com experi\u00eancia laboratorial, com coletas e an\u00e1lises f\u00edsico-qu\u00edmicas;<br \/>\nHabilidades com Pacote Office (Excel, Power Point e Outlook) e ferramentas digitais;<br \/>\nVoc\u00ea precisar\u00e1 residir e\/ou ter disponibilidade para atuar em Tr\u00eas Rios &#8211; RJ;<br \/>\nDisponibilidade de hor\u00e1rio para atuar em turno de 4&#215;4 (06h \u00e1s 18h ou 18h \u00e0s 06h);<br \/>\n\u00a0<br \/>\nO que far\u00e1 voc\u00ea se destacar?<br \/>\nConhecimento pr\u00e1tico em caldeiras, torres de resfriamento e sistemas de tratamento de efluentes l\u00edquidos;<br \/>\nAcompanhamento de aplica\u00e7\u00f5es de qu\u00edmicos;<br \/>\nHabilidades de comunica\u00e7\u00e3o e relacionamento.<\/p>\n<p>O que oferecemos nessa jornada?:\u00a0<br \/>\nSal\u00e1rio competitivo, Vale Refei\u00e7\u00e3o, Vale combust\u00edvel ou Vale transporte,  Conv\u00eanio M\u00e9dico e Odontol\u00f3gico, Gympass,  Previd\u00eancia Privada, PLR e Treinamentos internos.<\/p>\n<ul>\n<li>Local de trabalho: Tr\u00eas Rios, RJ<\/li>\n<li>Regime de contrata\u00e7\u00e3o de tipo: Efetivo \u2013 CLT<\/li>\n<li>Jornada: Per\u00edodo Integral<\/li>\n<li>\u00c1rea e especializa\u00e7\u00e3o profissional: Meio Ambiente, Ecologia &#8211; ETA \/ ETE<\/li>\n<li>N\u00edvel hier\u00e1rquico: Operacional<\/li>\n<\/ul>\n<p>VALORIZADO<\/p>\n<p>Tempo de experi\u00eancia: Entre 1 e 3 anos<\/p>\n<p>Escolaridade M\u00ednima: Curso T\u00e9cnico<\/p>\n<p>Forma\u00e7\u00e3o desejada:<\/p>\n<ul>\n<li>Engenharia ambiental, Ensino Superior<\/li>\n<li>Engenharia de produ\u00e7\u00e3o\/industrial, Ensino Superior<\/li>\n<li>Engenharia qu\u00edmica, Ensino Superior<\/li>\n<li>Qu\u00edmica, Curso T\u00e9cnico<\/li>\n<li>Meio ambiente, Curso T\u00e9cnico<\/li>\n<li>Qu\u00edmica, Ensino Superior<\/li>\n<\/ul>\n<p>Habilita\u00e7\u00e3o para dirigir: B<\/p>\n<p>Ve\u00edculo pr\u00f3prio<\/p>\n<ul>\n<li>Previd\u00eancia Privada<\/li>\n<li>Seguro de Vida<\/li>\n<li>Participa\u00e7\u00e3o nos lucros<\/li>\n<li>Aux\u00edlio combust\u00edvel<\/li>\n<li>Vale-alimenta\u00e7\u00e3o<\/li>\n<li>conv\u00eanio m\u00e9dico<\/li>\n<li>vale refei\u00e7\u00e3o<\/li>\n<li>conv\u00eanio odontol\u00f3gico<\/li>\n<\/ul>\n<p>Sal\u00e1rio: 3600,0<\/p>\n","protected":false},"excerpt":{"rendered":"<p>Estamos em busca de uma pessoa para atuar conosco como\u00a0T\u00e9cnico em Qu\u00edmica para fazer parte de nossa equipe e atuar em\u00a0Tr\u00eas Rios\/RJ. Responsabilidades e atribui\u00e7\u00f5es:\u00a0 Garantir o bom funcionamento dos processos e equipamentos de dosagens de qu\u00edmicos dentro do ambiente industrial; Implanta\u00e7\u00e3o de novos produtos e testagem; Realizar manuten\u00e7\u00f5es corretivas e preventivas nos equipamentos (mec\u00e2nicas [&hellip;]<\/p>\n","protected":false},"author":1,"featured_media":0,"comment_status":"open","ping_status":"open","sticky":false,"template":"","format":"standard","meta":{"footnotes":""},"categories":[21],"tags":[],"class_list":["post-5508","post","type-post","status-publish","format-standard","hentry","category-rio-de-janeiro-rj"],"_links":{"self":[{"href":"https:\/\/vagas.portalemprego.com.br\/index.php?rest_route=\/wp\/v2\/posts\/5508","targetHints":{"allow":["GET"]}}],"collection":[{"href":"https:\/\/vagas.portalemprego.com.br\/index.php?rest_route=\/wp\/v2\/posts"}],"about":[{"href":"https:\/\/vagas.portalemprego.com.br\/index.php?rest_route=\/wp\/v2\/types\/post"}],"author":[{"embeddable":true,"href":"https:\/\/vagas.portalemprego.com.br\/index.php?rest_route=\/wp\/v2\/users\/1"}],"replies":[{"embeddable":true,"href":"https:\/\/vagas.portalemprego.com.br\/index.php?rest_route=%2Fwp%2Fv2%2Fcomments&post=5508"}],"version-history":[{"count":0,"href":"https:\/\/vagas.portalemprego.com.br\/index.php?rest_route=\/wp\/v2\/posts\/5508\/revisions"}],"wp:attachment":[{"href":"https:\/\/vagas.portalemprego.com.br\/index.php?rest_route=%2Fwp%2Fv2%2Fmedia&parent=5508"}],"wp:term":[{"taxonomy":"category","embeddable":true,"href":"https:\/\/vagas.portalemprego.com.br\/index.php?rest_route=%2Fwp%2Fv2%2Fcategories&post=5508"},{"taxonomy":"post_tag","embeddable":true,"href":"https:\/\/vagas.portalemprego.com.br\/index.php?rest_route=%2Fwp%2Fv2%2Ftags&post=5508"}],"curies":[{"name":"wp","href":"https:\/\/api.w.org\/{rel}","templated":true}]}}