{"id":5514,"date":"2026-04-29T06:32:32","date_gmt":"2026-04-29T09:32:32","guid":{"rendered":"https:\/\/vagas.portalemprego.com.br\/?p=5514"},"modified":"2026-04-29T06:32:32","modified_gmt":"2026-04-29T09:32:32","slug":"assistente-administrativo-enfermagem-pessoa-com-deficiencia-pcd-saude-rio-de-janeiro","status":"publish","type":"post","link":"https:\/\/vagas.portalemprego.com.br\/?p=5514","title":{"rendered":"Assistente Administrativo (Enfermagem) &#8211; Pessoa com defici\u00eancia (PCD) &#8211; Sa\u00fade &#8211; Rio de Janeiro"},"content":{"rendered":"<p>Estamos\u00a0em\u00a0busca\u00a0de\u00a0um\u00a0Assistente\u00a0Administrativo\u00a0(Enfermagem)\u00a0\u2013 pessoa com defici\u00eancia, para\u00a0se\u00a0juntar\u00a0\u00e0\u00a0nossa\u00a0equipe\u00a0na Casa de Sa\u00fade S\u00e3o Jos\u00e9 &#8211;\u00a0REDE\u00a0SANTA\u00a0CATARINA.<\/p>\n<p>RESPONSABILIDADES:<br \/>\nRealizar tratamento do ponto eletr\u00f4nico;<br \/>\nAtendimento telef\u00f4nico, e-mails e presencial;<br \/>\nElaborar os relat\u00f3rios de justificativa dos custos em conjunto com os gestores das unidades de neg\u00f3cio e lan\u00e7amento no sistema eletr\u00f4nico;<br \/>\nTabular os indicadores assist\u00eancias e encaminhar para an\u00e1lise cr\u00edtica do gestor;<br \/>\nRealizar tarefas de digita\u00e7\u00e3o diversas (exemplos memorandos, relat\u00f3rios, MPS, escalas);<br \/>\nRealizar provis\u00e3o, previs\u00e3o e solicita\u00e7\u00e3o de material (Papelaria e escrit\u00f3rio, consumo do setor) de almoxarifado central.<\/p>\n<p>NECESS\u00c1RIO:<br \/>\nSer pessoa com defici\u00eancia;<br \/>\nTer laudo e CID atualizado;<br \/>\nForma\u00e7\u00e3o em T\u00e9cnico de Enfermagem &#8211; ser\u00e1 diferencial;<br \/>\nExperi\u00eancia na fun\u00e7\u00e3o \/ atividades descritas;<br \/>\nBons conhecimentos do pacote office (word, excel, power point);<br \/>\nExperi\u00eancia\u00a0em\u00a0hospital\u00a0ser\u00e1\u00a0diferencial;<br \/>\nExcelente\u00a0comunica\u00e7\u00e3o\u00a0oral\u00a0e\u00a0escrita;<br \/>\nDisponibilidade\u00a0para\u00a0atuar\u00a0em\u00a0regime\u00a0diarista \u2013\u00a0(2\u00aa\u00a0a\u00a06\u00aa\u00a0feira \u2013 07h as 17h)\u00a0&#8211;\u00a0Humait\u00e1.<\/p>\n<p>Se voc\u00ea tem experi\u00eancia em administra\u00e7\u00e3o hospitalar e est\u00e1 em busca, esta oportunidade pode ser perfeita para voc\u00ea.<br \/>\nJunte-se \u00e0 REDE SANTA CATARINA e contribua para o nosso compromisso cont\u00ednuo de oferecer cuidados de sa\u00fade de alta qualidade.<br \/>\nA REDE SANTA CATARINA oferece um ambiente de trabalho desafiador e gratificante, com oportunidades de crescimento profissional e desenvolvimento cont\u00ednuo.<\/p>\n<ul>\n<li>Local de trabalho: Rio de Janeiro, RJ<\/li>\n<li>Regime de contrata\u00e7\u00e3o de tipo: Efetivo \u2013 CLT<\/li>\n<li>Jornada: Per\u00edodo Integral<\/li>\n<li>\u00c1rea e especializa\u00e7\u00e3o profissional: Sa\u00fade &#8211; Enfermagem<\/li>\n<li>N\u00edvel hier\u00e1rquico: Assistente<\/li>\n<\/ul>\n<p>Escolaridade M\u00ednima: Ensino M\u00e9dio (2\u00ba Grau)<\/p>\n<ul>\n<li>Assist\u00eancia Funeral<\/li>\n<li>Almo\u00e7o<\/li>\n<li>Lanche da tarde<\/li>\n<li>Assist\u00eancia M\u00e9dica<\/li>\n<li>Assist\u00eancia Odontol\u00f3gica<\/li>\n<li>Seguro de Vida<\/li>\n<li>Caf\u00e9 da manh\u00e3<\/li>\n<li>Cesta Natalidade<\/li>\n<li>Conv\u00eanio Farm\u00e1cia<\/li>\n<li>Gympass<\/li>\n<li>Auriculoterapia<\/li>\n<li>Telepsicologia<\/li>\n<li>Plataforma de Cursos<\/li>\n<li>Conv\u00eanio Sesc<\/li>\n<\/ul>\n","protected":false},"excerpt":{"rendered":"<p>Estamos\u00a0em\u00a0busca\u00a0de\u00a0um\u00a0Assistente\u00a0Administrativo\u00a0(Enfermagem)\u00a0\u2013 pessoa com defici\u00eancia, para\u00a0se\u00a0juntar\u00a0\u00e0\u00a0nossa\u00a0equipe\u00a0na Casa de Sa\u00fade S\u00e3o Jos\u00e9 &#8211;\u00a0REDE\u00a0SANTA\u00a0CATARINA. RESPONSABILIDADES: Realizar tratamento do ponto eletr\u00f4nico; Atendimento telef\u00f4nico, e-mails e presencial; Elaborar os relat\u00f3rios de justificativa dos custos em conjunto com os gestores das unidades de neg\u00f3cio e lan\u00e7amento no sistema eletr\u00f4nico; Tabular os indicadores assist\u00eancias e encaminhar para an\u00e1lise cr\u00edtica do gestor; Realizar [&hellip;]<\/p>\n","protected":false},"author":1,"featured_media":0,"comment_status":"open","ping_status":"open","sticky":false,"template":"","format":"standard","meta":{"footnotes":""},"categories":[21],"tags":[],"class_list":["post-5514","post","type-post","status-publish","format-standard","hentry","category-rio-de-janeiro-rj"],"_links":{"self":[{"href":"https:\/\/vagas.portalemprego.com.br\/index.php?rest_route=\/wp\/v2\/posts\/5514","targetHints":{"allow":["GET"]}}],"collection":[{"href":"https:\/\/vagas.portalemprego.com.br\/index.php?rest_route=\/wp\/v2\/posts"}],"about":[{"href":"https:\/\/vagas.portalemprego.com.br\/index.php?rest_route=\/wp\/v2\/types\/post"}],"author":[{"embeddable":true,"href":"https:\/\/vagas.portalemprego.com.br\/index.php?rest_route=\/wp\/v2\/users\/1"}],"replies":[{"embeddable":true,"href":"https:\/\/vagas.portalemprego.com.br\/index.php?rest_route=%2Fwp%2Fv2%2Fcomments&post=5514"}],"version-history":[{"count":0,"href":"https:\/\/vagas.portalemprego.com.br\/index.php?rest_route=\/wp\/v2\/posts\/5514\/revisions"}],"wp:attachment":[{"href":"https:\/\/vagas.portalemprego.com.br\/index.php?rest_route=%2Fwp%2Fv2%2Fmedia&parent=5514"}],"wp:term":[{"taxonomy":"category","embeddable":true,"href":"https:\/\/vagas.portalemprego.com.br\/index.php?rest_route=%2Fwp%2Fv2%2Fcategories&post=5514"},{"taxonomy":"post_tag","embeddable":true,"href":"https:\/\/vagas.portalemprego.com.br\/index.php?rest_route=%2Fwp%2Fv2%2Ftags&post=5514"}],"curies":[{"name":"wp","href":"https:\/\/api.w.org\/{rel}","templated":true}]}}