{"id":5518,"date":"2026-04-29T06:33:33","date_gmt":"2026-04-29T09:33:33","guid":{"rendered":"https:\/\/vagas.portalemprego.com.br\/?p=5518"},"modified":"2026-04-29T06:33:33","modified_gmt":"2026-04-29T09:33:33","slug":"atendente-gelateria-alimentacao-gastronomia-rio-de-janeiro","status":"publish","type":"post","link":"https:\/\/vagas.portalemprego.com.br\/?p=5518","title":{"rendered":"Atendente Gelateria &#8211; Alimenta\u00e7\u00e3o \/ Gastronomia &#8211; Rio de Janeiro"},"content":{"rendered":"<p>Segmento: Gelateria \/ Cafeteria \u2013 Ipanema\/ RJ<br \/>\nVaga: Atendente<br \/>\nSobre a oportunidade: Gelateria e cafeteria localizada em Pinheiros busca um(a) Atendente para integrar a equipe e contribuir com a experi\u00eancia positiva dos clientes. O profissional ser\u00e1 respons\u00e1vel pelo atendimento ao p\u00fablico, preparo de produtos e apoio nas rotinas operacionais da loja.<\/p>\n<p>Principais atribui\u00e7\u00f5es:<br \/>\nAtender clientes com cordialidade e agilidade, apresentando produtos e auxiliando nas escolhas;<br \/>\nOperar o caixa e registrar pedidos;<br \/>\nPreparar caf\u00e9s, sobremesas e itens do card\u00e1pio conforme os padr\u00f5es da casa;<br \/>\nOrganizar o sal\u00e3o e manter a \u00e1rea de atendimento limpa e abastecida;<br \/>\nApoiar na reposi\u00e7\u00e3o de produtos e no controle de estoque;<br \/>\nCumprir os procedimentos de qualidade, higiene e seguran\u00e7a alimentar;<\/p>\n<p>Requisitos:<br \/>\nExperi\u00eancia anterior com atendimento;<br \/>\nEnsino M\u00e9dio completo;<br \/>\nFacilidade para trabalhar em equipe e bom relacionamento interpessoal;<br \/>\nDisponibilidade para trabalhar em diferentes turnos e escalas;<\/p>\n<p>Condi\u00e7\u00f5es:<br \/>\nSal\u00e1rio: R$ 1.518,00<br \/>\nPlano de sa\u00fade e odontol\u00f3gico<br \/>\nDesconto em produtos<br \/>\nVale-alimenta\u00e7\u00e3o: R$ 18,00 por dia<br \/>\nVale-transporte<br \/>\nEscalas e hor\u00e1rios:<br \/>\n12&#215;36 \u2013 das 13h \u00e0s 01h ou das 14h \u00e0s 02h<br \/>\n5&#215;2 \u2013 das 14h \u00e0s 00h (folgas segunda e ter\u00e7a)<br \/>\nLocal: Ipanema\/ RJ<\/p>\n<ul>\n<li>Local de trabalho: Rio de Janeiro, RJ<\/li>\n<li>Regime de contrata\u00e7\u00e3o de tipo: Efetivo \u2013 CLT<\/li>\n<li>Jornada: Per\u00edodo Integral<\/li>\n<li>\u00c1rea e especializa\u00e7\u00e3o profissional: Alimenta\u00e7\u00e3o \/ Gastronomia &#8211; Atendente \/ Recep\u00e7\u00e3o \/ Gar\u00e7om<\/li>\n<li>N\u00edvel hier\u00e1rquico: Operacional<\/li>\n<\/ul>\n<p>Escolaridade M\u00ednima: Ensino M\u00e9dio (2\u00ba Grau)<\/p>\n<p>Sal\u00e1rio: 1518,0<\/p>\n","protected":false},"excerpt":{"rendered":"<p>Segmento: Gelateria \/ Cafeteria \u2013 Ipanema\/ RJ Vaga: Atendente Sobre a oportunidade: Gelateria e cafeteria localizada em Pinheiros busca um(a) Atendente para integrar a equipe e contribuir com a experi\u00eancia positiva dos clientes. O profissional ser\u00e1 respons\u00e1vel pelo atendimento ao p\u00fablico, preparo de produtos e apoio nas rotinas operacionais da loja. Principais atribui\u00e7\u00f5es: Atender clientes [&hellip;]<\/p>\n","protected":false},"author":1,"featured_media":0,"comment_status":"open","ping_status":"open","sticky":false,"template":"","format":"standard","meta":{"footnotes":""},"categories":[21],"tags":[],"class_list":["post-5518","post","type-post","status-publish","format-standard","hentry","category-rio-de-janeiro-rj"],"_links":{"self":[{"href":"https:\/\/vagas.portalemprego.com.br\/index.php?rest_route=\/wp\/v2\/posts\/5518","targetHints":{"allow":["GET"]}}],"collection":[{"href":"https:\/\/vagas.portalemprego.com.br\/index.php?rest_route=\/wp\/v2\/posts"}],"about":[{"href":"https:\/\/vagas.portalemprego.com.br\/index.php?rest_route=\/wp\/v2\/types\/post"}],"author":[{"embeddable":true,"href":"https:\/\/vagas.portalemprego.com.br\/index.php?rest_route=\/wp\/v2\/users\/1"}],"replies":[{"embeddable":true,"href":"https:\/\/vagas.portalemprego.com.br\/index.php?rest_route=%2Fwp%2Fv2%2Fcomments&post=5518"}],"version-history":[{"count":0,"href":"https:\/\/vagas.portalemprego.com.br\/index.php?rest_route=\/wp\/v2\/posts\/5518\/revisions"}],"wp:attachment":[{"href":"https:\/\/vagas.portalemprego.com.br\/index.php?rest_route=%2Fwp%2Fv2%2Fmedia&parent=5518"}],"wp:term":[{"taxonomy":"category","embeddable":true,"href":"https:\/\/vagas.portalemprego.com.br\/index.php?rest_route=%2Fwp%2Fv2%2Fcategories&post=5518"},{"taxonomy":"post_tag","embeddable":true,"href":"https:\/\/vagas.portalemprego.com.br\/index.php?rest_route=%2Fwp%2Fv2%2Ftags&post=5518"}],"curies":[{"name":"wp","href":"https:\/\/api.w.org\/{rel}","templated":true}]}}