{"id":5520,"date":"2026-04-29T06:33:33","date_gmt":"2026-04-29T09:33:33","guid":{"rendered":"https:\/\/vagas.portalemprego.com.br\/?p=5520"},"modified":"2026-04-29T06:33:33","modified_gmt":"2026-04-29T09:33:33","slug":"fonoaudiologo-1108-saude-rio-de-janeiro","status":"publish","type":"post","link":"https:\/\/vagas.portalemprego.com.br\/?p=5520","title":{"rendered":"Fonoaudi\u00f3logo #1108 &#8211; Sa\u00fade &#8211; Rio de Janeiro"},"content":{"rendered":"<p>Sobre a vaga<br \/>\nAtua\u00e7\u00e3o com atendimentos individuais, em dupla ou trio, com suporte 1, dentro da mesma faixa et\u00e1ria e mesmo transtorno.<br \/>\nA profissional ter\u00e1 autonomia total para gerenciar a pr\u00f3pria agenda.<br \/>\n?? Requisitos:<br \/>\nExperi\u00eancia com p\u00fablico infantil, com suporte 1, dentro da mesma faixa et\u00e1ria e mesmo transtorno;<br \/>\nDesej\u00e1vel curso em ABA.<br \/>\n?? Hor\u00e1rio:<br \/>\nQuartas-feiras, das 08h \u00e0s 18h ou 09h \u00e0s 20h.<br \/>\n?? Remunera\u00e7\u00e3o:<br \/>\nR$ 2.000,00 (RPA)<br \/>\n? Diferenciais:<br \/>\nO gestor oferece capacita\u00e7\u00e3o e investimento em cursos, incluindo forma\u00e7\u00e3o em PROMPT;<br \/>\nEstrutura com local para refei\u00e7\u00f5es.<br \/>\nVoc\u00ea tem interesse em saber mais sobre essa oportunidade?<br \/>\nFa\u00e7a sua inscri\u00e7\u00e3o<\/p>\n<ul>\n<li>Local de trabalho: Rio de Janeiro, RJ<\/li>\n<li>Regime de contrata\u00e7\u00e3o de tipo: Outros<\/li>\n<li>Jornada: Parcial tardes<\/li>\n<li>\u00c1rea e especializa\u00e7\u00e3o profissional: Sa\u00fade &#8211; Fonoaudiologia<\/li>\n<li>N\u00edvel hier\u00e1rquico: Especialista<\/li>\n<\/ul>\n<p>VALORIZADO<\/p>\n<p>Tempo de experi\u00eancia: Entre 1 e 3 anos<\/p>\n<p>Escolaridade M\u00ednima: Ensino Superior<\/p>\n<p>Sal\u00e1rio: 2000,0<\/p>\n","protected":false},"excerpt":{"rendered":"<p>Sobre a vaga Atua\u00e7\u00e3o com atendimentos individuais, em dupla ou trio, com suporte 1, dentro da mesma faixa et\u00e1ria e mesmo transtorno. A profissional ter\u00e1 autonomia total para gerenciar a pr\u00f3pria agenda. ?? Requisitos: Experi\u00eancia com p\u00fablico infantil, com suporte 1, dentro da mesma faixa et\u00e1ria e mesmo transtorno; Desej\u00e1vel curso em ABA. ?? Hor\u00e1rio: [&hellip;]<\/p>\n","protected":false},"author":1,"featured_media":0,"comment_status":"open","ping_status":"open","sticky":false,"template":"","format":"standard","meta":{"footnotes":""},"categories":[21],"tags":[],"class_list":["post-5520","post","type-post","status-publish","format-standard","hentry","category-rio-de-janeiro-rj"],"_links":{"self":[{"href":"https:\/\/vagas.portalemprego.com.br\/index.php?rest_route=\/wp\/v2\/posts\/5520","targetHints":{"allow":["GET"]}}],"collection":[{"href":"https:\/\/vagas.portalemprego.com.br\/index.php?rest_route=\/wp\/v2\/posts"}],"about":[{"href":"https:\/\/vagas.portalemprego.com.br\/index.php?rest_route=\/wp\/v2\/types\/post"}],"author":[{"embeddable":true,"href":"https:\/\/vagas.portalemprego.com.br\/index.php?rest_route=\/wp\/v2\/users\/1"}],"replies":[{"embeddable":true,"href":"https:\/\/vagas.portalemprego.com.br\/index.php?rest_route=%2Fwp%2Fv2%2Fcomments&post=5520"}],"version-history":[{"count":0,"href":"https:\/\/vagas.portalemprego.com.br\/index.php?rest_route=\/wp\/v2\/posts\/5520\/revisions"}],"wp:attachment":[{"href":"https:\/\/vagas.portalemprego.com.br\/index.php?rest_route=%2Fwp%2Fv2%2Fmedia&parent=5520"}],"wp:term":[{"taxonomy":"category","embeddable":true,"href":"https:\/\/vagas.portalemprego.com.br\/index.php?rest_route=%2Fwp%2Fv2%2Fcategories&post=5520"},{"taxonomy":"post_tag","embeddable":true,"href":"https:\/\/vagas.portalemprego.com.br\/index.php?rest_route=%2Fwp%2Fv2%2Ftags&post=5520"}],"curies":[{"name":"wp","href":"https:\/\/api.w.org\/{rel}","templated":true}]}}