{"id":5521,"date":"2026-04-29T06:33:33","date_gmt":"2026-04-29T09:33:33","guid":{"rendered":"https:\/\/vagas.portalemprego.com.br\/?p=5521"},"modified":"2026-04-29T06:33:33","modified_gmt":"2026-04-29T09:33:33","slug":"tecnicoa-manutencao-eletrica-industrial-producao-fabrica-rio-de-janeiro","status":"publish","type":"post","link":"https:\/\/vagas.portalemprego.com.br\/?p=5521","title":{"rendered":"TECNICO(A) MANUTEN\u00c7\u00c3O EL\u00c9TRICA &#8211; Industrial, Produ\u00e7\u00e3o, F\u00e1brica &#8211; Rio de Janeiro"},"content":{"rendered":"<p>TECNICO(A) MANUTENCAO MECANICA JR<br \/>\nPrincipais atividades da posi\u00e7\u00e3o:<br \/>\n   Avaliar as condi\u00e7\u00f5es de funcionamento de equipamentos na \u00e1rea industrial, manuten\u00e7\u00f5es programadas (preventivas) e manuten\u00e7\u00f5es corretivas (reparo emergencial), identificando poss\u00edveis problemas para a\u00e7\u00e3o imediata ou planejamento de interven\u00e7\u00e3o futura;  Inspe\u00e7\u00f5es de rotina com equipamento em operar\u00e3o, incluindo uso de imagens de c\u00e2meras, para identifica\u00e7\u00e3o de problemas para planejamento de interven\u00e7\u00f5es programadas<br \/>\n Substitui\u00e7\u00e3o de equipamentos, de forma planejada ou emergencial, com an\u00e1lise de cen\u00e1rio e defini\u00e7\u00e3o de medidas de controle para garantir a execu\u00e7\u00e3o da atividade com seguran\u00e7a e dentro do tempo planejado;  Manuten\u00e7\u00e3o de motores de corrente alternada e corrente cont\u00ednua, com medi\u00e7\u00e3o e diagn\u00f3stico do estado da isola\u00e7\u00e3o;  \u00a0leitura e interpreta\u00e7\u00e3o de desenhos el\u00e9tricos, para identifica\u00e7\u00e3o de falhas em pain\u00e9is el\u00e9tricos, reparos planejados em bancada, reparos emergenciais na \u00e1rea industrial e planejamento de atividades para interven\u00e7\u00f5es futuras;  Troca de equipamentos eletr\u00f4nicos: Inversores de frequ\u00eancia, conversores de corrente cont\u00ednua, com realiza\u00e7\u00e3o de parametriza\u00e7\u00e3o;  An\u00e1lise e corre\u00e7\u00e3o de falha em sistemas de comando por PLCs;  An\u00e1lise gr\u00e1fica de vari\u00e1veis de comando para identifica\u00e7\u00e3o de poss\u00edveis falhas em sistemas de automa\u00e7\u00e3o;  Controle de pe\u00e7as reservas, mantendo kanban organizado;  Atua\u00e7\u00e3o direta e, acompanhamento do processo de recupera\u00e7\u00e3o de equipamentos reservas quando realizado externamente;  Elabora\u00e7\u00e3o de escopo t\u00e9cnico para recupera\u00e7\u00e3o de equipamentos el\u00e9tricos, com necessidade de leitura e interpreta\u00e7\u00e3o de desenhos el\u00e9tricos; Elabora\u00e7\u00e3o de relat\u00f3rio t\u00e9cnico de an\u00e1lises de falhas e de atividades de manuten\u00e7\u00e3o<br \/>\n \u00a0Requisitos:<br \/>\n  &#8211; Curso t\u00e9cnico completo em Eletrot\u00e9cnica, Eletr\u00f4nica, Automa\u00e7\u00e3o ou Mecatr\u00f4nica com \u00eanfase em el\u00e9trica;<br \/>\n &#8211; Experi\u00eancia em atividades de manuten\u00e7\u00e3o, com no m\u00ednimo, 3 anos de experi\u00eancia na fun\u00e7\u00e3o de Eletrot\u00e9cnico industrial:<br \/>\n &#8211; Medi\u00e7\u00e3o e interpreta\u00e7\u00e3o de resultados de instrumentos de medi\u00e7\u00e3o el\u00e9trica: Amper\u00edmetro, Volt\u00edmetro, Ohm\u00edmetro, Frequenc\u00edmetro, Meg\u00f4metro etc.;<br \/>\n &#8211; Leitura e interpreta\u00e7\u00e3o de desenhos el\u00e9tricos;<br \/>\n &#8211; Parametriza\u00e7\u00e3o de inversores de frequ\u00eancia;<br \/>\n &#8211; Manuten\u00e7\u00e3o e medi\u00e7\u00e3o de isola\u00e7\u00e3o em motores el\u00e9tricos;<br \/>\n &#8211; Facilidade para elabora\u00e7\u00e3o de relat\u00f3rios de atividades de manuten\u00e7\u00e3o<br \/>\n &#8211; Disponibilidade para trabalhar em hor\u00e1rios diversos, incluindo revezamento de turno;<br \/>\n &#8211; Conhecimento b\u00e1sico do Pacote Office: Excel, Word e PowerPoint;<br \/>\n Disponibilidade de hor\u00e1rio<br \/>\nSal\u00e1rio 3.000,00<br \/>\nBenef\u00edcios s\u00e3o:<br \/>\n&#8211; Plano de sau\u00b4de com coparticipac\u00b8a~o<br \/>\n&#8211; Plano odontolo\u00b4gico<br \/>\n&#8211; Auxi\u00b4lio medicamento<br \/>\n&#8211; Vale alimentac\u00b8a~o<br \/>\n&#8211; Participac\u00b8a~o de lucros<br \/>\n&#8211; Previde^ncia privada<\/p>\n<ul>\n<li>Local de trabalho: Rio de Janeiro, RJ<\/li>\n<li>Regime de contrata\u00e7\u00e3o de tipo: Efetivo \u2013 CLT<\/li>\n<li>Jornada: Per\u00edodo Integral<\/li>\n<li>\u00c1rea e especializa\u00e7\u00e3o profissional: Industrial, Produ\u00e7\u00e3o, F\u00e1brica &#8211; Produ\u00e7\u00e3o<\/li>\n<li>N\u00edvel hier\u00e1rquico: Operacional<\/li>\n<\/ul>\n<p>Escolaridade M\u00ednima: Curso T\u00e9cnico<\/p>\n<p>Sal\u00e1rio: 3100,0<\/p>\n","protected":false},"excerpt":{"rendered":"<p>TECNICO(A) MANUTENCAO MECANICA JR Principais atividades da posi\u00e7\u00e3o: Avaliar as condi\u00e7\u00f5es de funcionamento de equipamentos na \u00e1rea industrial, manuten\u00e7\u00f5es programadas (preventivas) e manuten\u00e7\u00f5es corretivas (reparo emergencial), identificando poss\u00edveis problemas para a\u00e7\u00e3o imediata ou planejamento de interven\u00e7\u00e3o futura; Inspe\u00e7\u00f5es de rotina com equipamento em operar\u00e3o, incluindo uso de imagens de c\u00e2meras, para identifica\u00e7\u00e3o de problemas para [&hellip;]<\/p>\n","protected":false},"author":1,"featured_media":0,"comment_status":"open","ping_status":"open","sticky":false,"template":"","format":"standard","meta":{"footnotes":""},"categories":[21],"tags":[],"class_list":["post-5521","post","type-post","status-publish","format-standard","hentry","category-rio-de-janeiro-rj"],"_links":{"self":[{"href":"https:\/\/vagas.portalemprego.com.br\/index.php?rest_route=\/wp\/v2\/posts\/5521","targetHints":{"allow":["GET"]}}],"collection":[{"href":"https:\/\/vagas.portalemprego.com.br\/index.php?rest_route=\/wp\/v2\/posts"}],"about":[{"href":"https:\/\/vagas.portalemprego.com.br\/index.php?rest_route=\/wp\/v2\/types\/post"}],"author":[{"embeddable":true,"href":"https:\/\/vagas.portalemprego.com.br\/index.php?rest_route=\/wp\/v2\/users\/1"}],"replies":[{"embeddable":true,"href":"https:\/\/vagas.portalemprego.com.br\/index.php?rest_route=%2Fwp%2Fv2%2Fcomments&post=5521"}],"version-history":[{"count":0,"href":"https:\/\/vagas.portalemprego.com.br\/index.php?rest_route=\/wp\/v2\/posts\/5521\/revisions"}],"wp:attachment":[{"href":"https:\/\/vagas.portalemprego.com.br\/index.php?rest_route=%2Fwp%2Fv2%2Fmedia&parent=5521"}],"wp:term":[{"taxonomy":"category","embeddable":true,"href":"https:\/\/vagas.portalemprego.com.br\/index.php?rest_route=%2Fwp%2Fv2%2Fcategories&post=5521"},{"taxonomy":"post_tag","embeddable":true,"href":"https:\/\/vagas.portalemprego.com.br\/index.php?rest_route=%2Fwp%2Fv2%2Ftags&post=5521"}],"curies":[{"name":"wp","href":"https:\/\/api.w.org\/{rel}","templated":true}]}}