{"id":5522,"date":"2026-04-29T06:33:33","date_gmt":"2026-04-29T09:33:33","guid":{"rendered":"https:\/\/vagas.portalemprego.com.br\/?p=5522"},"modified":"2026-04-29T06:33:33","modified_gmt":"2026-04-29T09:33:33","slug":"porteiro-motociclista-seguranca-rio-de-janeiro","status":"publish","type":"post","link":"https:\/\/vagas.portalemprego.com.br\/?p=5522","title":{"rendered":"PORTEIRO MOTOCICLISTA &#8211; Seguran\u00e7a &#8211; Rio de Janeiro"},"content":{"rendered":"<p>Estamos em busca de um profissional comprometido e respons\u00e1vel para atuar como Porteiro Motociclista na Zona Sul.<br \/>\nO colaborador ser\u00e1 respons\u00e1vel por realizar:<br \/>\nControle de acesso de pessoas, objetos e ve\u00edculos;<br \/>\nAtendimento\u00a0e orienta\u00e7\u00e3o ao p\u00fablico;<br \/>\nFiscaliza\u00e7\u00e3o de movimenta\u00e7\u00f5es de pessoas;<br \/>\nZelo pela ordem, respeito e cumprimento de normas e procedimentos;<br \/>\nAtendimento telefones e interfones;<br \/>\nOpera\u00e7\u00e3o de sistema de r\u00e1dio comunica\u00e7\u00e3o;<br \/>\nOpera\u00e7\u00e3o sistemas eletr\u00f4nicos de\u00a0seguran\u00e7a;<br \/>\nCadastros e consultas em sistema de informatizados (terminais de computadores, catracas eletr\u00f4nicas e etc);<br \/>\nControle de chaves;<br \/>\nControle de guarda volumes;<br \/>\nRegistrar ocorr\u00eancias;<br \/>\nZelo pela conserva\u00e7\u00e3o e\u00a0limpeza\u00a0da portaria.<br \/>\nTransmiss\u00e3o e cumprimento de ordens recebidas de seu(s) superior(es).<br \/>\nSer\u00e1 um diferencial:<br \/>\nExperi\u00eancia com inform\u00e1tica<br \/>\nSer proativo<br \/>\nSer respons\u00e1vel<\/p>\n<ul>\n<li>Local de trabalho: Rio de Janeiro, RJ<\/li>\n<li>Regime de contrata\u00e7\u00e3o de tipo: Efetivo \u2013 CLT<\/li>\n<li>Jornada: Per\u00edodo Integral<\/li>\n<li>\u00c1rea e especializa\u00e7\u00e3o profissional: Seguran\u00e7a &#8211; Portaria Industrial, Comercial, Resid\u00eancial<\/li>\n<li>N\u00edvel hier\u00e1rquico: Operacional<\/li>\n<\/ul>\n<p>VALORIZADO<\/p>\n<p>Tempo de experi\u00eancia: Menos de 1 ano<\/p>\n<p>HABILIDADES<\/p>\n<ul>\n<li>INFORM\u00c1TICA<\/li>\n<li>ATENTO<\/li>\n<li>RESPONS\u00c1VEL<\/li>\n<\/ul>\n<p>Escolaridade M\u00ednima: Ensino M\u00e9dio (2\u00ba Grau)<\/p>\n<p>Habilita\u00e7\u00e3o para dirigir: B, A<\/p>\n<ul>\n<li>VT<\/li>\n<li>VA<\/li>\n<\/ul>\n<p>Sal\u00e1rio: 1917,0<\/p>\n","protected":false},"excerpt":{"rendered":"<p>Estamos em busca de um profissional comprometido e respons\u00e1vel para atuar como Porteiro Motociclista na Zona Sul. O colaborador ser\u00e1 respons\u00e1vel por realizar: Controle de acesso de pessoas, objetos e ve\u00edculos; Atendimento\u00a0e orienta\u00e7\u00e3o ao p\u00fablico; Fiscaliza\u00e7\u00e3o de movimenta\u00e7\u00f5es de pessoas; Zelo pela ordem, respeito e cumprimento de normas e procedimentos; Atendimento telefones e interfones; Opera\u00e7\u00e3o [&hellip;]<\/p>\n","protected":false},"author":1,"featured_media":0,"comment_status":"open","ping_status":"open","sticky":false,"template":"","format":"standard","meta":{"footnotes":""},"categories":[21],"tags":[],"class_list":["post-5522","post","type-post","status-publish","format-standard","hentry","category-rio-de-janeiro-rj"],"_links":{"self":[{"href":"https:\/\/vagas.portalemprego.com.br\/index.php?rest_route=\/wp\/v2\/posts\/5522","targetHints":{"allow":["GET"]}}],"collection":[{"href":"https:\/\/vagas.portalemprego.com.br\/index.php?rest_route=\/wp\/v2\/posts"}],"about":[{"href":"https:\/\/vagas.portalemprego.com.br\/index.php?rest_route=\/wp\/v2\/types\/post"}],"author":[{"embeddable":true,"href":"https:\/\/vagas.portalemprego.com.br\/index.php?rest_route=\/wp\/v2\/users\/1"}],"replies":[{"embeddable":true,"href":"https:\/\/vagas.portalemprego.com.br\/index.php?rest_route=%2Fwp%2Fv2%2Fcomments&post=5522"}],"version-history":[{"count":0,"href":"https:\/\/vagas.portalemprego.com.br\/index.php?rest_route=\/wp\/v2\/posts\/5522\/revisions"}],"wp:attachment":[{"href":"https:\/\/vagas.portalemprego.com.br\/index.php?rest_route=%2Fwp%2Fv2%2Fmedia&parent=5522"}],"wp:term":[{"taxonomy":"category","embeddable":true,"href":"https:\/\/vagas.portalemprego.com.br\/index.php?rest_route=%2Fwp%2Fv2%2Fcategories&post=5522"},{"taxonomy":"post_tag","embeddable":true,"href":"https:\/\/vagas.portalemprego.com.br\/index.php?rest_route=%2Fwp%2Fv2%2Ftags&post=5522"}],"curies":[{"name":"wp","href":"https:\/\/api.w.org\/{rel}","templated":true}]}}