{"id":5524,"date":"2026-04-29T06:33:33","date_gmt":"2026-04-29T09:33:33","guid":{"rendered":"https:\/\/vagas.portalemprego.com.br\/?p=5524"},"modified":"2026-04-29T06:33:33","modified_gmt":"2026-04-29T09:33:33","slug":"operador-de-call-center-pcd-telemarketing-rio-de-janeiro","status":"publish","type":"post","link":"https:\/\/vagas.portalemprego.com.br\/?p=5524","title":{"rendered":"Operador de Call Center (PCD) &#8211; Telemarketing &#8211; Rio de Janeiro"},"content":{"rendered":"<p>Empresa de call center em parceria com a Funda\u00e7\u00e3o Mudes seleciona pessoas com defici\u00eancia (PCD), para cargo de Operador de Teleatendimento II.<br \/>\nAtividades:<br \/>\n&#8211; Realizar atendimento ativo e receptivo aos clientes via telefone, chat ou outros canais de comunica\u00e7\u00e3o;<br \/>\n&#8211; Registrar e atualizar informa\u00e7\u00f5es em sistema de forma precisa e organizada;<br \/>\nEsclarecer d\u00favidas, fornecer informa\u00e7\u00f5es sobre produtos\/servi\u00e7os e orientar clientes quanto a procedimentos;<br \/>\nEfetuar encaminhamentos ou transfer\u00eancias de chamadas quando necess\u00e1rio;<br \/>\nTratar reclama\u00e7\u00f5es, buscando oferecer solu\u00e7\u00f5es adequadas e dentro do prazo estabelecido;<br \/>\nCumprir scripts e padr\u00f5es de atendimento definidos pela empresa, mantendo cordialidade e profissionalismo;<\/p>\n<p>Sal\u00e1rio: R$1620,00<\/p>\n<p>Benef\u00edcios: VT + cesta b\u00e1sica (R$ 105,00)<\/p>\n<p>Hor\u00e1rio: 16H \u00c0S 22H \u2013 Segunda a S\u00e1bado<\/p>\n<p>Local: Curicica &#8211; Jacarepagu\u00e1<\/p>\n<p>Necess\u00e1rio:<br \/>\n&#8211; Ensino M\u00e9dio Completo.<br \/>\n&#8211; Conhecimento b\u00e1sico em Inform\u00e1tica (digita\u00e7\u00e3o, navega\u00e7\u00e3o em sistemas, pacote Office).<\/p>\n<ul>\n<li>Local de trabalho: Rio de Janeiro, RJ<\/li>\n<li>Regime de contrata\u00e7\u00e3o de tipo: Efetivo \u2013 CLT<\/li>\n<li>Jornada: Parcial tardes<\/li>\n<li>\u00c1rea e especializa\u00e7\u00e3o profissional: Telemarketing &#8211; SAC<\/li>\n<li>N\u00edvel hier\u00e1rquico: Operacional<\/li>\n<\/ul>\n<p>Escolaridade M\u00ednima: Ensino M\u00e9dio (2\u00ba Grau)<\/p>\n<ul>\n<li>Vale-transporte<\/li>\n<li>Cesta b\u00e1sica<\/li>\n<\/ul>\n<p>Sal\u00e1rio: 1620,0<\/p>\n","protected":false},"excerpt":{"rendered":"<p>Empresa de call center em parceria com a Funda\u00e7\u00e3o Mudes seleciona pessoas com defici\u00eancia (PCD), para cargo de Operador de Teleatendimento II. Atividades: &#8211; Realizar atendimento ativo e receptivo aos clientes via telefone, chat ou outros canais de comunica\u00e7\u00e3o; &#8211; Registrar e atualizar informa\u00e7\u00f5es em sistema de forma precisa e organizada; Esclarecer d\u00favidas, fornecer informa\u00e7\u00f5es [&hellip;]<\/p>\n","protected":false},"author":1,"featured_media":0,"comment_status":"open","ping_status":"open","sticky":false,"template":"","format":"standard","meta":{"footnotes":""},"categories":[21],"tags":[],"class_list":["post-5524","post","type-post","status-publish","format-standard","hentry","category-rio-de-janeiro-rj"],"_links":{"self":[{"href":"https:\/\/vagas.portalemprego.com.br\/index.php?rest_route=\/wp\/v2\/posts\/5524","targetHints":{"allow":["GET"]}}],"collection":[{"href":"https:\/\/vagas.portalemprego.com.br\/index.php?rest_route=\/wp\/v2\/posts"}],"about":[{"href":"https:\/\/vagas.portalemprego.com.br\/index.php?rest_route=\/wp\/v2\/types\/post"}],"author":[{"embeddable":true,"href":"https:\/\/vagas.portalemprego.com.br\/index.php?rest_route=\/wp\/v2\/users\/1"}],"replies":[{"embeddable":true,"href":"https:\/\/vagas.portalemprego.com.br\/index.php?rest_route=%2Fwp%2Fv2%2Fcomments&post=5524"}],"version-history":[{"count":0,"href":"https:\/\/vagas.portalemprego.com.br\/index.php?rest_route=\/wp\/v2\/posts\/5524\/revisions"}],"wp:attachment":[{"href":"https:\/\/vagas.portalemprego.com.br\/index.php?rest_route=%2Fwp%2Fv2%2Fmedia&parent=5524"}],"wp:term":[{"taxonomy":"category","embeddable":true,"href":"https:\/\/vagas.portalemprego.com.br\/index.php?rest_route=%2Fwp%2Fv2%2Fcategories&post=5524"},{"taxonomy":"post_tag","embeddable":true,"href":"https:\/\/vagas.portalemprego.com.br\/index.php?rest_route=%2Fwp%2Fv2%2Ftags&post=5524"}],"curies":[{"name":"wp","href":"https:\/\/api.w.org\/{rel}","templated":true}]}}