{"id":5526,"date":"2026-04-29T06:33:33","date_gmt":"2026-04-29T09:33:33","guid":{"rendered":"https:\/\/vagas.portalemprego.com.br\/?p=5526"},"modified":"2026-04-29T06:33:33","modified_gmt":"2026-04-29T09:33:33","slug":"gerente-comercial-comercial-vendas-rio-de-janeiro-2","status":"publish","type":"post","link":"https:\/\/vagas.portalemprego.com.br\/?p=5526","title":{"rendered":"Gerente Comercial &#8211; Comercial, Vendas &#8211; Rio de Janeiro"},"content":{"rendered":"<p>Gerente Comercial<br \/>\nA Dealerhunter \u00e9 a primeira HRTech especialista no setor automotivo da Am\u00e9rica. Conectamos talentos de alto desempenho aos maiores grupos do pa\u00eds.<br \/>\nDescri\u00e7\u00e3o:<br \/>\nSe voc\u00ea \u00e9 um profissional com perfil estrat\u00e9gico, foco em resultados e experi\u00eancia em gest\u00e3o comercial, esta \u00e9 a sua chance de atuar em uma empresa s\u00f3lida! Estamos em busca de um(a) Gerente Comercial para liderar concession\u00e1ria no Rio de Janeiro-RJ impulsionar vendas e motivar a equipe rumo \u00e0 alta performance.<br \/>\nLocalidade: Rio de Janeiro\/RJ<br \/>\nMarca: BYD<br \/>\nResponsabilidades:<br \/>\nGerenciar a equipe de vendas, promovendo motiva\u00e7\u00e3o e foco em resultados.<br \/>\nEstabelecer metas, acompanhar indicadores e garantir o cumprimento dos objetivos comerciais.<br \/>\nImplementar estrat\u00e9gias de vendas e atendimento ao cliente.<br \/>\nRealizar gest\u00e3o de processos e controle de performance individual e coletiva.<br \/>\nTrabalhar em parceria com as \u00e1reas de marketing, p\u00f3s-vendas e diretoria.<br \/>\nDesenvolver a equipe comercial por meio de treinamentos e acompanhamento constante.<br \/>\nRequisitos:<br \/>\nExperi\u00eancia pr\u00e9via como gestor comercial no setor automotivo<br \/>\nVir de marcas el\u00e9tricas (Diferencial)<br \/>\nHabilidade com indicadores, metas e an\u00e1lise de performance.<br \/>\nCapacidade de lideran\u00e7a, comunica\u00e7\u00e3o clara e vis\u00e3o de neg\u00f3cio.<br \/>\nEnsino superior completo ou em andamento ser\u00e1 um diferencial.<br \/>\nCNH B (Diferencial)<\/p>\n<ul>\n<li>Local de trabalho: Rio de Janeiro, RJ<\/li>\n<li>Regime de contrata\u00e7\u00e3o de tipo: Efetivo \u2013 CLT<\/li>\n<li>Jornada: Per\u00edodo Integral<\/li>\n<li>\u00c1rea e especializa\u00e7\u00e3o profissional: Comercial, Vendas &#8211; Venda Externa<\/li>\n<li>N\u00edvel hier\u00e1rquico: Gerente<\/li>\n<\/ul>\n<p>Escolaridade M\u00ednima: Ensino M\u00e9dio (2\u00ba Grau)<\/p>\n","protected":false},"excerpt":{"rendered":"<p>Gerente Comercial A Dealerhunter \u00e9 a primeira HRTech especialista no setor automotivo da Am\u00e9rica. Conectamos talentos de alto desempenho aos maiores grupos do pa\u00eds. Descri\u00e7\u00e3o: Se voc\u00ea \u00e9 um profissional com perfil estrat\u00e9gico, foco em resultados e experi\u00eancia em gest\u00e3o comercial, esta \u00e9 a sua chance de atuar em uma empresa s\u00f3lida! Estamos em busca [&hellip;]<\/p>\n","protected":false},"author":1,"featured_media":0,"comment_status":"open","ping_status":"open","sticky":false,"template":"","format":"standard","meta":{"footnotes":""},"categories":[21],"tags":[],"class_list":["post-5526","post","type-post","status-publish","format-standard","hentry","category-rio-de-janeiro-rj"],"_links":{"self":[{"href":"https:\/\/vagas.portalemprego.com.br\/index.php?rest_route=\/wp\/v2\/posts\/5526","targetHints":{"allow":["GET"]}}],"collection":[{"href":"https:\/\/vagas.portalemprego.com.br\/index.php?rest_route=\/wp\/v2\/posts"}],"about":[{"href":"https:\/\/vagas.portalemprego.com.br\/index.php?rest_route=\/wp\/v2\/types\/post"}],"author":[{"embeddable":true,"href":"https:\/\/vagas.portalemprego.com.br\/index.php?rest_route=\/wp\/v2\/users\/1"}],"replies":[{"embeddable":true,"href":"https:\/\/vagas.portalemprego.com.br\/index.php?rest_route=%2Fwp%2Fv2%2Fcomments&post=5526"}],"version-history":[{"count":0,"href":"https:\/\/vagas.portalemprego.com.br\/index.php?rest_route=\/wp\/v2\/posts\/5526\/revisions"}],"wp:attachment":[{"href":"https:\/\/vagas.portalemprego.com.br\/index.php?rest_route=%2Fwp%2Fv2%2Fmedia&parent=5526"}],"wp:term":[{"taxonomy":"category","embeddable":true,"href":"https:\/\/vagas.portalemprego.com.br\/index.php?rest_route=%2Fwp%2Fv2%2Fcategories&post=5526"},{"taxonomy":"post_tag","embeddable":true,"href":"https:\/\/vagas.portalemprego.com.br\/index.php?rest_route=%2Fwp%2Fv2%2Ftags&post=5526"}],"curies":[{"name":"wp","href":"https:\/\/api.w.org\/{rel}","templated":true}]}}