{"id":5527,"date":"2026-04-29T06:33:33","date_gmt":"2026-04-29T09:33:33","guid":{"rendered":"https:\/\/vagas.portalemprego.com.br\/?p=5527"},"modified":"2026-04-29T06:33:33","modified_gmt":"2026-04-29T09:33:33","slug":"auxiliar-de-servicos-gerais-niteroi-servicos-gerais-niteroi","status":"publish","type":"post","link":"https:\/\/vagas.portalemprego.com.br\/?p=5527","title":{"rendered":"Auxiliar de Servi\u00e7os Gerais &#8211; NITEROI &#8211; Servi\u00e7os Gerais &#8211; Niter\u00f3i"},"content":{"rendered":"<p>Oferta de Emprego: Auxiliar de Servi\u00e7os Gerais<\/p>\n<p>A empresa est\u00e1 em busca de um profissional qualificado para ocupar a posi\u00e7\u00e3o de Auxiliar de Servi\u00e7os Gerais em nossa equipe. Procuramos algu\u00e9m com habilidades espec\u00edficas e experi\u00eancia na \u00e1rea, garantindo assim a excel\u00eancia e qualidade de nossos servi\u00e7os.<\/p>\n<p>Requisitos:<\/p>\n<p>&#8211; Senso de Urg\u00eancia: O candidato deve ser capaz de executar suas tarefas com rapidez, priorizando o cumprimento dos prazos estabelecidos.<\/p>\n<p>&#8211; Comprometimento: \u00c9 fundamental que o Auxiliar de Servi\u00e7os Gerais tenha a disposi\u00e7\u00e3o e dedica\u00e7\u00e3o necess\u00e1rias para executar suas atribui\u00e7\u00f5es com efici\u00eancia.<\/p>\n<p>&#8211; Conhecimento com Dilui\u00e7\u00e3o de L\u00edquidos de Limpeza: Experi\u00eancia pr\u00e9via no manuseio e dilui\u00e7\u00e3o correta de produtos de limpeza \u00e9 essencial para garantir a seguran\u00e7a dos colaboradores e a qualidade dos servi\u00e7os prestados.<\/p>\n<p>&#8211; Experi\u00eancia com Mopi: Conhecimento b\u00e1sico e experi\u00eancia pr\u00e9via no uso do equipamento Mopi, utilizado para limpeza de pisos, \u00e9 fundamental.<\/p>\n<p>&#8211; Trabalho em equipe: Capacidade de trabalhar em harmonia com os demais colaboradores, compartilhando informa\u00e7\u00f5es e cooperando para o alcance dos objetivos do setor.<\/p>\n<p>&#8211; Experi\u00eancia na fun\u00e7\u00e3o: \u00c9 desej\u00e1vel que o candidato possua experi\u00eancia pr\u00e9via na fun\u00e7\u00e3o de Auxiliar de Servi\u00e7os Gerais, comprovada por meio de refer\u00eancias ou carteira profissional.<\/p>\n<p>&#8211; Disponibilidade de hor\u00e1rio: Flexibilidade para trabalhar em diferentes turnos, incluindo noite e finais de semana, quando necess\u00e1rio.<\/p>\n<p>&#8211; Ter Organiza\u00e7\u00e3o: Capacidade de manter os ambientes limpos e organizados, garantindo assim a efici\u00eancia na realiza\u00e7\u00e3o das tarefas.<\/p>\n<p>Condi\u00e7\u00f5es:<\/p>\n<p>&#8211; Carga hor\u00e1ria semanal de 40 horas.<\/p>\n<p>&#8211; Sal\u00e1rio compat\u00edvel com a fun\u00e7\u00e3o .<\/p>\n<p>&#8211; Benef\u00edcios oferecidos pela empresa, como vale-alimenta\u00e7\u00e3o, vale-transporte.<\/p>\n<p>&#8211; Ambiente de trabalho agrad\u00e1vel e equipe acolhedora.<\/p>\n<p>&#8211; Oportunidades de crescimento e desenvolvimento profissional.<\/p>\n<p>Os interessados devem encaminhar seu curr\u00edculo atualizado para o e-mail recrutamento.hgrio@gmail.com, com o assunto &#8220;Auxiliar de Servi\u00e7os Gerais&#8221;. S\u00f3 ser\u00e3o considerados os curr\u00edculos que atenderem aos requisitos descritos acima.<\/p>\n<p>Estamos ansiosos para receber sua candidatura e contar com um profissional comprometido e dedicado em nossa equipe!<\/p>\n<ul>\n<li>N\u00famero de vagas: 10<\/li>\n<li>Local de trabalho: Niter\u00f3i, RJ<\/li>\n<li>Regime de contrata\u00e7\u00e3o de tipo: Efetivo \u2013 CLT<\/li>\n<li>Jornada: Per\u00edodo Integral<\/li>\n<li>\u00c1rea e especializa\u00e7\u00e3o profissional: Servi\u00e7os Gerais &#8211; Limpeza<\/li>\n<li>N\u00edvel hier\u00e1rquico: Auxiliar<\/li>\n<\/ul>\n<p>VALORIZADO<\/p>\n<p>Tempo de experi\u00eancia: Entre 1 e 3 anos<\/p>\n<p>HABILIDADES<\/p>\n<ul>\n<li>Experi\u00eancia com Mopi<\/li>\n<li>Senso de Urg\u00eancia<\/li>\n<li>Conhecimento com Dilui\u00e7\u00e3o de L\u00edquidos de Limpeza<\/li>\n<li>Comprometimento<\/li>\n<li>Trabalho em equipe<\/li>\n<li>Disponibilidade de hor\u00e1rio<\/li>\n<li>Ter Organiza\u00e7\u00e3o<\/li>\n<li>Experi\u00eancia na fun\u00e7\u00e3o<\/li>\n<\/ul>\n<p>Escolaridade M\u00ednima: Ensino Fundamental (1\u00ba grau)<\/p>\n<ul>\n<li>Vale Alimenta\u00e7\u00e3o<\/li>\n<li>Vale Transporte<\/li>\n<\/ul>\n<p>Sal\u00e1rio: 1730,0<\/p>\n","protected":false},"excerpt":{"rendered":"<p>Oferta de Emprego: Auxiliar de Servi\u00e7os Gerais A empresa est\u00e1 em busca de um profissional qualificado para ocupar a posi\u00e7\u00e3o de Auxiliar de Servi\u00e7os Gerais em nossa equipe. Procuramos algu\u00e9m com habilidades espec\u00edficas e experi\u00eancia na \u00e1rea, garantindo assim a excel\u00eancia e qualidade de nossos servi\u00e7os. Requisitos: &#8211; Senso de Urg\u00eancia: O candidato deve ser [&hellip;]<\/p>\n","protected":false},"author":1,"featured_media":0,"comment_status":"open","ping_status":"open","sticky":false,"template":"","format":"standard","meta":{"footnotes":""},"categories":[21],"tags":[],"class_list":["post-5527","post","type-post","status-publish","format-standard","hentry","category-rio-de-janeiro-rj"],"_links":{"self":[{"href":"https:\/\/vagas.portalemprego.com.br\/index.php?rest_route=\/wp\/v2\/posts\/5527","targetHints":{"allow":["GET"]}}],"collection":[{"href":"https:\/\/vagas.portalemprego.com.br\/index.php?rest_route=\/wp\/v2\/posts"}],"about":[{"href":"https:\/\/vagas.portalemprego.com.br\/index.php?rest_route=\/wp\/v2\/types\/post"}],"author":[{"embeddable":true,"href":"https:\/\/vagas.portalemprego.com.br\/index.php?rest_route=\/wp\/v2\/users\/1"}],"replies":[{"embeddable":true,"href":"https:\/\/vagas.portalemprego.com.br\/index.php?rest_route=%2Fwp%2Fv2%2Fcomments&post=5527"}],"version-history":[{"count":0,"href":"https:\/\/vagas.portalemprego.com.br\/index.php?rest_route=\/wp\/v2\/posts\/5527\/revisions"}],"wp:attachment":[{"href":"https:\/\/vagas.portalemprego.com.br\/index.php?rest_route=%2Fwp%2Fv2%2Fmedia&parent=5527"}],"wp:term":[{"taxonomy":"category","embeddable":true,"href":"https:\/\/vagas.portalemprego.com.br\/index.php?rest_route=%2Fwp%2Fv2%2Fcategories&post=5527"},{"taxonomy":"post_tag","embeddable":true,"href":"https:\/\/vagas.portalemprego.com.br\/index.php?rest_route=%2Fwp%2Fv2%2Ftags&post=5527"}],"curies":[{"name":"wp","href":"https:\/\/api.w.org\/{rel}","templated":true}]}}