{"id":5528,"date":"2026-04-29T06:33:33","date_gmt":"2026-04-29T09:33:33","guid":{"rendered":"https:\/\/vagas.portalemprego.com.br\/?p=5528"},"modified":"2026-04-29T06:33:33","modified_gmt":"2026-04-29T09:33:33","slug":"analista-contabil-contabil-financas-economia-rio-de-janeiro-2","status":"publish","type":"post","link":"https:\/\/vagas.portalemprego.com.br\/?p=5528","title":{"rendered":"Analista Cont\u00e1bil &#8211; Cont\u00e1bil, Finan\u00e7as, Economia &#8211; Rio de Janeiro"},"content":{"rendered":"<p>Principais atividades<br \/>\nAtuar nas rotinas de fechamento cont\u00e1bil\u00a0mensal, cumprindo prazos e garantindo qualidade;\u00a0<br \/>\nRealizar an\u00e1lises de contas patrimoniais e resultado, incluindo justificativas de varia\u00e7\u00f5es;\u00a0<br \/>\nEfetuar concilia\u00e7\u00f5es (banc\u00e1rias, folha de pagamento, patrimoniais e resultado);\u00a0<br \/>\nElaborar e controlar provis\u00f5es e revers\u00f5es (conting\u00eancias, estimativas e recorr\u00eancias);\u00a0<br \/>\nControlar e conciliar Ativo Imobilizado;\u00a0<br \/>\nConcilia\u00e7\u00e3o de Faturamento e Contas a Receber, garantindo integridade entre m\u00f3dulos;\u00a0<br \/>\nControlar e conciliar estoques (movimenta\u00e7\u00f5es, ajustes, custos e impactos cont\u00e1beis);\u00a0<br \/>\nApoiar rotinas fiscais\/obriga\u00e7\u00f5es acess\u00f3rias quando necess\u00e1rio (PER\/DCOMP, DCTF,\u00a0DCTFWeb, DIRF, EFD Contribui\u00e7\u00f5es);\u00a0<br \/>\nAtender auditorias internas e externas, com evid\u00eancias e suporte t\u00e9cnico;\u00a0<br \/>\nApoiar iniciativas de otimiza\u00e7\u00e3o de processos, controles internos e automatiza\u00e7\u00e3o de rotinas;\u00a0<br \/>\nAtuar com AVP (Ajuste a Valor Presente) quando aplic\u00e1vel, conforme normas cont\u00e1beis.\u00a0<br \/>\nRequisitos<br \/>\nEnsino Superior completo em Ci\u00eancias Cont\u00e1beis<br \/>\nExperi\u00eancia na \u00e1rea cont\u00e1bil<br \/>\nDesej\u00e1vel conhecimento em\u00a0Oracle e\/ou SAP S\/4HANA<br \/>\nCompet\u00eancias T\u00e9cnicas<br \/>\nConcilia\u00e7\u00f5es e an\u00e1lises com profundidade (raz\u00e3o, extratos, saldos e m\u00f3dulos integrados);<br \/>\nConhecimento em Demonstra\u00e7\u00f5es Financeiras (DRE, BP, DFC e apoio em notas explicativas);<br \/>\nImobilizado: deprecia\u00e7\u00e3o, baixas, transfer\u00eancias, controle e rastreabilidade;<br \/>\nArrendamentos: conceitos e impactos cont\u00e1beis (direito de uso e passivo), desej\u00e1vel pr\u00e1tica;<br \/>\nEstoque: no\u00e7\u00f5es de CMV, custo m\u00e9dio e controles;<br \/>\nExcel intermedi\u00e1rio\/avan\u00e7ado (SE, SEERRO, SOMASES, CONT.SES, \u00cdNDICE\/CORRESP, PROCV\/PROCX, TEXTO.JUNTAR), tabelas e tabelas din\u00e2micas, relat\u00f3rios e auditoria de dados. Diferencial: Power Query, dashboards e VBA\/Macros;<br \/>\nDesej\u00e1vel experi\u00eancia com ERP Oracle e\/ou SAP S\/4HANA;<br \/>\nViv\u00eancia com melhoria cont\u00ednua e automa\u00e7\u00e3o (padroniza\u00e7\u00e3o, controles e confer\u00eancias).<br \/>\n\u00c9 essencial ter dom\u00ednio e aplica\u00e7\u00e3o pr\u00e1tica dos principais pronunciamentos, com destaque para os CPCs:<br \/>\nCPC 04 \u2013 Ativo Intang\u00edvel;<br \/>\nCPC 06 \u2013 Arrendamentos;<br \/>\nCPC 12 \u2013 Ajuste a Valor Presente (AVP);<br \/>\nCPC 16 \u2013 Estoques;<br \/>\nCPC 25 \u2013 Provis\u00f5es, Passivos Contingentes e Ativos Contingentes;<br \/>\nCPC 27 \u2013 Ativo Imobilizado;<br \/>\nCPC 32 \u2013 Tributos sobre o Lucro (IRPJ\/CSLL diferidos)<br \/>\nBenef\u00edcios<br \/>\nVale Transporte<br \/>\nVale Refei\u00e7\u00e3o<br \/>\nConv\u00eanio SESC<br \/>\nConv\u00eanio com Institui\u00e7\u00f5es de Ensino<br \/>\nCesta b\u00e1sica<br \/>\nAssist\u00eancia M\u00e9dica<br \/>\nAssist\u00eancia Odontol\u00f3gica<br \/>\nTotal Pass<br \/>\nJornada de Trabalho<br \/>\nPresencial<br \/>\n44 horas semanais<br \/>\nEtapas do Processo<br \/>\nCadastro<br \/>\nEntrevista com o Recrutador<br \/>\nEntrevista com o Gerente<br \/>\nProposta e ASO<br \/>\nContrata\u00e7\u00e3o<\/p>\n<ul>\n<li>Local de trabalho: Rio de Janeiro, RJ<\/li>\n<li>Regime de contrata\u00e7\u00e3o de tipo: Efetivo \u2013 CLT<\/li>\n<li>Jornada: Per\u00edodo Integral<\/li>\n<li>\u00c1rea e especializa\u00e7\u00e3o profissional: Cont\u00e1bil, Finan\u00e7as, Economia &#8211; Contabilidade<\/li>\n<li>N\u00edvel hier\u00e1rquico: Analista<\/li>\n<\/ul>\n<p>VALORIZADO<\/p>\n<p>Tempo de experi\u00eancia: Entre 3 e 5 anos<\/p>\n<p>Escolaridade M\u00ednima: Ensino Superior<\/p>\n<ul>\n<li>Conv\u00eanio com Institui\u00e7\u00f5es de Ensino<\/li>\n<li>Assist\u00eancia odontol\u00f3gica<\/li>\n<li>Assist\u00eancia m\u00e9dica<\/li>\n<li>Conv\u00eanio SESC<\/li>\n<li>Cesta b\u00e1sica<\/li>\n<li>Vale Refei\u00e7\u00e3o<\/li>\n<li>Vale Transporte<\/li>\n<li>Total Pass<\/li>\n<\/ul>\n","protected":false},"excerpt":{"rendered":"<p>Principais atividades Atuar nas rotinas de fechamento cont\u00e1bil\u00a0mensal, cumprindo prazos e garantindo qualidade;\u00a0 Realizar an\u00e1lises de contas patrimoniais e resultado, incluindo justificativas de varia\u00e7\u00f5es;\u00a0 Efetuar concilia\u00e7\u00f5es (banc\u00e1rias, folha de pagamento, patrimoniais e resultado);\u00a0 Elaborar e controlar provis\u00f5es e revers\u00f5es (conting\u00eancias, estimativas e recorr\u00eancias);\u00a0 Controlar e conciliar Ativo Imobilizado;\u00a0 Concilia\u00e7\u00e3o de Faturamento e Contas a Receber, [&hellip;]<\/p>\n","protected":false},"author":1,"featured_media":0,"comment_status":"open","ping_status":"open","sticky":false,"template":"","format":"standard","meta":{"footnotes":""},"categories":[21],"tags":[],"class_list":["post-5528","post","type-post","status-publish","format-standard","hentry","category-rio-de-janeiro-rj"],"_links":{"self":[{"href":"https:\/\/vagas.portalemprego.com.br\/index.php?rest_route=\/wp\/v2\/posts\/5528","targetHints":{"allow":["GET"]}}],"collection":[{"href":"https:\/\/vagas.portalemprego.com.br\/index.php?rest_route=\/wp\/v2\/posts"}],"about":[{"href":"https:\/\/vagas.portalemprego.com.br\/index.php?rest_route=\/wp\/v2\/types\/post"}],"author":[{"embeddable":true,"href":"https:\/\/vagas.portalemprego.com.br\/index.php?rest_route=\/wp\/v2\/users\/1"}],"replies":[{"embeddable":true,"href":"https:\/\/vagas.portalemprego.com.br\/index.php?rest_route=%2Fwp%2Fv2%2Fcomments&post=5528"}],"version-history":[{"count":0,"href":"https:\/\/vagas.portalemprego.com.br\/index.php?rest_route=\/wp\/v2\/posts\/5528\/revisions"}],"wp:attachment":[{"href":"https:\/\/vagas.portalemprego.com.br\/index.php?rest_route=%2Fwp%2Fv2%2Fmedia&parent=5528"}],"wp:term":[{"taxonomy":"category","embeddable":true,"href":"https:\/\/vagas.portalemprego.com.br\/index.php?rest_route=%2Fwp%2Fv2%2Fcategories&post=5528"},{"taxonomy":"post_tag","embeddable":true,"href":"https:\/\/vagas.portalemprego.com.br\/index.php?rest_route=%2Fwp%2Fv2%2Ftags&post=5528"}],"curies":[{"name":"wp","href":"https:\/\/api.w.org\/{rel}","templated":true}]}}