{"id":5530,"date":"2026-04-29T06:33:33","date_gmt":"2026-04-29T09:33:33","guid":{"rendered":"https:\/\/vagas.portalemprego.com.br\/?p=5530"},"modified":"2026-04-29T06:33:33","modified_gmt":"2026-04-29T09:33:33","slug":"supervisor-de-vendas-comercial-vendas-sao-goncalo","status":"publish","type":"post","link":"https:\/\/vagas.portalemprego.com.br\/?p=5530","title":{"rendered":"Supervisor de Vendas &#8211; Comercial, Vendas &#8211; S\u00e3o Gon\u00e7alo"},"content":{"rendered":"<p>Estamos em busca de um Supervisor de Vendas com uma forte capacidade anal\u00edtica para se juntar \u00e0 nossa equipe.<br \/>\nEste \u00e9 um cargo de imediata necessidade, e estamos procurando algu\u00e9m que possa n\u00e3o apenas liderar nossa equipe de vendas, mas tamb\u00e9m impulsionar o crescimento e o sucesso da empresa por meio de an\u00e1lises detalhadas e estrat\u00e9gias informadas.<\/p>\n<p>Como Supervisor de Vendas, voc\u00ea ser\u00e1 respons\u00e1vel por supervisionar e orientar a equipe de vendas, garantir a consist\u00eancia e o cumprimento das metas de vendas e desenvolver estrat\u00e9gias para maximizar os resultados.<br \/>\nSua capacidade anal\u00edtica ser\u00e1 crucial para interpretar dados de vendas, identificar tend\u00eancias e oportunidades de mercado e tomar decis\u00f5es informadas que impulsionem o crescimento.<\/p>\n<p>Voc\u00ea deve ter uma compreens\u00e3o profunda das pr\u00e1ticas de vendas e do mercado, al\u00e9m de habilidades de lideran\u00e7a comprovadas.<br \/>\nA experi\u00eancia no mercado de empr\u00e9stimos ser\u00e1 considerado um diferencial  importante.<br \/>\nAl\u00e9m disso, a comunica\u00e7\u00e3o eficaz e a capacidade de inspirar e motivar a equipe s\u00e3o fundamentais para o sucesso neste papel.<br \/>\nNossa empresa valoriza o crescimento profissional e oferece um ambiente de trabalho colaborativo e inovador.<br \/>\nSe voc\u00ea \u00e9 um l\u00edder de vendas com uma mentalidade anal\u00edtica e est\u00e1 pronto para assumir um papel de responsabilidade significativa, esta oportunidade \u00e9 para voc\u00ea.<br \/>\nJunte-se a n\u00f3s e fa\u00e7a parte de uma equipe dedicada a alcan\u00e7ar o sucesso conjunto.<br \/>\nA sua capacidade de an\u00e1lise e lideran\u00e7a pode fazer uma grande diferen\u00e7a em nosso sucesso cont\u00ednuo.<\/p>\n<ul>\n<li>Local de trabalho: S\u00e3o Gon\u00e7alo, RJ<\/li>\n<li>Regime de contrata\u00e7\u00e3o de tipo: Efetivo \u2013 CLT<\/li>\n<li>Jornada: Per\u00edodo Integral<\/li>\n<li>\u00c1rea e especializa\u00e7\u00e3o profissional: Comercial, Vendas &#8211; Venda Interna<\/li>\n<li>N\u00edvel hier\u00e1rquico: Supervisor<\/li>\n<\/ul>\n<p>VALORIZADO<\/p>\n<p>Tempo de experi\u00eancia: Entre 3 e 5 anos<\/p>\n<p>HABILIDADES<\/p>\n<ul>\n<li>Comunica\u00e7\u00e3o Eficaz<\/li>\n<li>Orienta\u00e7\u00e3o para resultados<\/li>\n<li>capacidade anal\u00edtica<\/li>\n<li>Lideran\u00e7a nata<\/li>\n<\/ul>\n<p>Escolaridade M\u00ednima: Ensino Superior<\/p>\n<p>Forma\u00e7\u00e3o desejada:<\/p>\n<ul>\n<li>Administra\u00e7\u00e3o de empresas, Ensino Superior<\/li>\n<li>Gest\u00e3o Financeira, Ensino Superior<\/li>\n<\/ul>\n<p>Disponibilidade para viajar<\/p>\n<ul>\n<li>Plano de sa\u00fade e dental, parceria  Sesc, Total Pass, premia\u00e7\u00f5es<\/li>\n<\/ul>\n","protected":false},"excerpt":{"rendered":"<p>Estamos em busca de um Supervisor de Vendas com uma forte capacidade anal\u00edtica para se juntar \u00e0 nossa equipe. Este \u00e9 um cargo de imediata necessidade, e estamos procurando algu\u00e9m que possa n\u00e3o apenas liderar nossa equipe de vendas, mas tamb\u00e9m impulsionar o crescimento e o sucesso da empresa por meio de an\u00e1lises detalhadas e [&hellip;]<\/p>\n","protected":false},"author":1,"featured_media":0,"comment_status":"open","ping_status":"open","sticky":false,"template":"","format":"standard","meta":{"footnotes":""},"categories":[21],"tags":[],"class_list":["post-5530","post","type-post","status-publish","format-standard","hentry","category-rio-de-janeiro-rj"],"_links":{"self":[{"href":"https:\/\/vagas.portalemprego.com.br\/index.php?rest_route=\/wp\/v2\/posts\/5530","targetHints":{"allow":["GET"]}}],"collection":[{"href":"https:\/\/vagas.portalemprego.com.br\/index.php?rest_route=\/wp\/v2\/posts"}],"about":[{"href":"https:\/\/vagas.portalemprego.com.br\/index.php?rest_route=\/wp\/v2\/types\/post"}],"author":[{"embeddable":true,"href":"https:\/\/vagas.portalemprego.com.br\/index.php?rest_route=\/wp\/v2\/users\/1"}],"replies":[{"embeddable":true,"href":"https:\/\/vagas.portalemprego.com.br\/index.php?rest_route=%2Fwp%2Fv2%2Fcomments&post=5530"}],"version-history":[{"count":0,"href":"https:\/\/vagas.portalemprego.com.br\/index.php?rest_route=\/wp\/v2\/posts\/5530\/revisions"}],"wp:attachment":[{"href":"https:\/\/vagas.portalemprego.com.br\/index.php?rest_route=%2Fwp%2Fv2%2Fmedia&parent=5530"}],"wp:term":[{"taxonomy":"category","embeddable":true,"href":"https:\/\/vagas.portalemprego.com.br\/index.php?rest_route=%2Fwp%2Fv2%2Fcategories&post=5530"},{"taxonomy":"post_tag","embeddable":true,"href":"https:\/\/vagas.portalemprego.com.br\/index.php?rest_route=%2Fwp%2Fv2%2Ftags&post=5530"}],"curies":[{"name":"wp","href":"https:\/\/api.w.org\/{rel}","templated":true}]}}