{"id":5537,"date":"2026-04-29T06:33:33","date_gmt":"2026-04-29T09:33:33","guid":{"rendered":"https:\/\/vagas.portalemprego.com.br\/?p=5537"},"modified":"2026-04-29T06:33:33","modified_gmt":"2026-04-29T09:33:33","slug":"auxiliar-de-design-grafico-artes-rio-de-janeiro","status":"publish","type":"post","link":"https:\/\/vagas.portalemprego.com.br\/?p=5537","title":{"rendered":"Auxiliar de Design Gr\u00e1fico &#8211; Artes &#8211; Rio de Janeiro"},"content":{"rendered":"<p>Auxiliar de Design Gr\u00e1fico \u2013 Buscamos um profissional criativo e organizado para apoiar a \u00e1rea de marketing na cria\u00e7\u00e3o de materiais visuais que fortale\u00e7am nossa marca e potencializem a comunica\u00e7\u00e3o com nossos clientes!<\/p>\n<p>Suas principais responsabilidades:<br \/>\nApoiar na organiza\u00e7\u00e3o de materiais brutos (v\u00eddeos, fotos, \u00e1udios, logos, fontes) e pastas de projetos, garantindo estrutura e f\u00e1cil localiza\u00e7\u00e3o dos arquivos.?<br \/>\nRealizar recortes simples de v\u00eddeos, ajustes b\u00e1sicos de dura\u00e7\u00e3o e enquadramento, seguindo orienta\u00e7\u00f5es do designer respons\u00e1vel.?<br \/>\nAplicar templates prontos em ferramentas como Canva ou similares para criar varia\u00e7\u00f5es de posts, capas, thumbnails e artes para redes sociais.?<br \/>\nInserir legendas, trilhas sonoras simples e elementos gr\u00e1ficos b\u00e1sicos em v\u00eddeos curtos, conforme orienta\u00e7\u00f5es de layout predefinido.?<br \/>\nAjustar formatos dos conte\u00fados (stories, feed, reels, shorts, posts quadrados, verticais e horizontais) a partir de modelos j\u00e1 estabelecidos.?<br \/>\nAuxiliar na adapta\u00e7\u00e3o de pe\u00e7as existentes para novos formatos de campanha, mantendo a identidade visual indicada pelo designer pleno\/s\u00eanior.?<br \/>\nApoiar na prepara\u00e7\u00e3o de arquivos finais para publica\u00e7\u00e3o (exporta\u00e7\u00e3o nos formatos corretos, compress\u00e3o leve, nomea\u00e7\u00e3o de arquivos).?<br \/>\nColaborar na busca de refer\u00eancias visuais e inspira\u00e7\u00f5es (benchmark de perfis, tend\u00eancias simples de edi\u00e7\u00e3o, estilos de v\u00eddeo do universo pet).?<br \/>\nAuxiliar na montagem de apresenta\u00e7\u00f5es simples (portf\u00f3lio interno de pe\u00e7as, compilado de criativos usados, etc.).?<\/p>\n<p>Requisitos e Qualifica\u00e7\u00f5es:<br \/>\nExperi\u00eancia anterior (est\u00e1gio ou posi\u00e7\u00e3o j\u00fanior\/auxiliar) em design, social media, edi\u00e7\u00e3o b\u00e1sica de v\u00eddeo ou produ\u00e7\u00e3o de conte\u00fado digital.?<br \/>\nConhecimento b\u00e1sico em pelo menos uma ferramenta de edi\u00e7\u00e3o de v\u00eddeo (CapCut, Adobe Premiere b\u00e1sico, DaVinci Resolve b\u00e1sico, Filmora ou similar).?<br \/>\nConhecimento em ferramentas de cria\u00e7\u00e3o gr\u00e1fica como Canva e, preferencialmente, alguma no\u00e7\u00e3o de Adobe Photoshop ou Illustrator.?<br \/>\nNo\u00e7\u00f5es de formatos para redes sociais (feed, stories, reels, shorts) e entendimento b\u00e1sico de como o conte\u00fado aparece para o usu\u00e1rio.?<br \/>\nOrganiza\u00e7\u00e3o, aten\u00e7\u00e3o a detalhes, capacidade de seguir orienta\u00e7\u00f5es e revisar materiais antes de entregar.?<br \/>\nFacilidade para trabalhar em equipe e receber feedbacks constantes de ajustes de layout e v\u00eddeo.?<\/p>\n<p>Ser\u00e1 um diferencial possuir experi\u00eancia com materiais de trade marketing, redes sociais, edi\u00e7\u00e3o simples de v\u00eddeos ou conhecimento em ferramentas digitais, demonstrando versatilidade e interesse em desenvolvimento cont\u00ednuo na \u00e1rea criativa.<\/p>\n<p>Sobre a vaga:<br \/>\nLocal de atua\u00e7\u00e3o: Jacarepagu\u00e1<br \/>\nHor\u00e1rio: Segunda a sexta-feira, das 08h \u00e0s 17h48<br \/>\nRemunera\u00e7\u00e3o: R$ 2.001,53 + Vale alimenta\u00e7\u00e3o de R$ 20,00\/dia (Pluxee)<br \/>\nRegime de contrata\u00e7\u00e3o: CLT<\/p>\n<p>Benef\u00edcios:<br \/>\nVale Alimenta\u00e7\u00e3o<br \/>\nPlano de Carreira e Gratifica\u00e7\u00f5es<br \/>\nPrograma de Participa\u00e7\u00e3o nos Resultados (Trimestral, mediante alcance de metas)<br \/>\nBenef\u00edcio SESC (acesso a atividades culturais, esportivas e educacionais)<br \/>\nDesconto de at\u00e9 80% na Unicesumar (extens\u00edvel para dependentes)<br \/>\nDesconto de 20% em atendimento para seu pet na CetraVet<\/p>\n<ul>\n<li>N\u00famero de vagas: 2<\/li>\n<li>Local de trabalho: Rio de Janeiro, RJ<\/li>\n<li>Regime de contrata\u00e7\u00e3o de tipo: Efetivo \u2013 CLT<\/li>\n<li>Jornada: Per\u00edodo Integral<\/li>\n<li>\u00c1rea e especializa\u00e7\u00e3o profissional: Artes &#8211; Artes Gr\u00e1ficas<\/li>\n<li>N\u00edvel hier\u00e1rquico: Auxiliar<\/li>\n<\/ul>\n<p>VALORIZADO<\/p>\n<p>Tempo de experi\u00eancia: Entre 1 e 3 anos<\/p>\n<p>HABILIDADES<\/p>\n<ul>\n<li>Dom\u00ednio do Pacote Office e ferramentas de produtividade<\/li>\n<li>Excelente comunica\u00e7\u00e3o verbal e interpessoal<\/li>\n<li>Marketing Digital<\/li>\n<li>Photoshop<\/li>\n<li>Illustrator<\/li>\n<li>Corel Draw<\/li>\n<li>Canva<\/li>\n<li>Videomaker<\/li>\n<li>Redes Sociais<\/li>\n<li>Adobe Premiere<\/li>\n<li>CapCut<\/li>\n<li>Design Gr\u00e1fico<\/li>\n<\/ul>\n<p>Escolaridade M\u00ednima: Ensino Superior<\/p>\n<p>Forma\u00e7\u00e3o desejada:<\/p>\n<ul>\n<li>Marketing, Ensino Superior<\/li>\n<li>Publicidade e propaganda, Ensino Superior<\/li>\n<\/ul>\n<p>Sal\u00e1rio: 2000,0<\/p>\n","protected":false},"excerpt":{"rendered":"<p>Auxiliar de Design Gr\u00e1fico \u2013 Buscamos um profissional criativo e organizado para apoiar a \u00e1rea de marketing na cria\u00e7\u00e3o de materiais visuais que fortale\u00e7am nossa marca e potencializem a comunica\u00e7\u00e3o com nossos clientes! Suas principais responsabilidades: Apoiar na organiza\u00e7\u00e3o de materiais brutos (v\u00eddeos, fotos, \u00e1udios, logos, fontes) e pastas de projetos, garantindo estrutura e f\u00e1cil [&hellip;]<\/p>\n","protected":false},"author":1,"featured_media":0,"comment_status":"open","ping_status":"open","sticky":false,"template":"","format":"standard","meta":{"footnotes":""},"categories":[21],"tags":[],"class_list":["post-5537","post","type-post","status-publish","format-standard","hentry","category-rio-de-janeiro-rj"],"_links":{"self":[{"href":"https:\/\/vagas.portalemprego.com.br\/index.php?rest_route=\/wp\/v2\/posts\/5537","targetHints":{"allow":["GET"]}}],"collection":[{"href":"https:\/\/vagas.portalemprego.com.br\/index.php?rest_route=\/wp\/v2\/posts"}],"about":[{"href":"https:\/\/vagas.portalemprego.com.br\/index.php?rest_route=\/wp\/v2\/types\/post"}],"author":[{"embeddable":true,"href":"https:\/\/vagas.portalemprego.com.br\/index.php?rest_route=\/wp\/v2\/users\/1"}],"replies":[{"embeddable":true,"href":"https:\/\/vagas.portalemprego.com.br\/index.php?rest_route=%2Fwp%2Fv2%2Fcomments&post=5537"}],"version-history":[{"count":0,"href":"https:\/\/vagas.portalemprego.com.br\/index.php?rest_route=\/wp\/v2\/posts\/5537\/revisions"}],"wp:attachment":[{"href":"https:\/\/vagas.portalemprego.com.br\/index.php?rest_route=%2Fwp%2Fv2%2Fmedia&parent=5537"}],"wp:term":[{"taxonomy":"category","embeddable":true,"href":"https:\/\/vagas.portalemprego.com.br\/index.php?rest_route=%2Fwp%2Fv2%2Fcategories&post=5537"},{"taxonomy":"post_tag","embeddable":true,"href":"https:\/\/vagas.portalemprego.com.br\/index.php?rest_route=%2Fwp%2Fv2%2Ftags&post=5537"}],"curies":[{"name":"wp","href":"https:\/\/api.w.org\/{rel}","templated":true}]}}