{"id":5543,"date":"2026-04-29T06:33:33","date_gmt":"2026-04-29T09:33:33","guid":{"rendered":"https:\/\/vagas.portalemprego.com.br\/?p=5543"},"modified":"2026-04-29T06:33:33","modified_gmt":"2026-04-29T09:33:33","slug":"supervisor-de-producao-comunicacao-visual-industrial-producao-fabrica-sao-joao-de-meriti","status":"publish","type":"post","link":"https:\/\/vagas.portalemprego.com.br\/?p=5543","title":{"rendered":"Supervisor de Produ\u00e7\u00e3o &#8211; Comunica\u00e7\u00e3o Visual &#8211; Industrial, Produ\u00e7\u00e3o, F\u00e1brica &#8211; S\u00e3o Jo\u00e3o de Meriti"},"content":{"rendered":"<p>Vaga: Supervisor de Produ\u00e7\u00e3o<br \/>\nSobre a oportunidade:<br \/>\n Buscamos um profissional com perfil de lideran\u00e7a e vis\u00e3o de processos para atuar na supervis\u00e3o das atividades de produ\u00e7\u00e3o no setor de comunica\u00e7\u00e3o visual. O candidato ideal deve ter experi\u00eancia s\u00f3lida em gest\u00e3o de equipes operacionais, foco em resultados e aten\u00e7\u00e3o aos detalhes para garantir qualidade e efici\u00eancia em todas as etapas.<br \/>\nResponsabilidades:<br \/>\nGerenciar e supervisionar as atividades dos processos de produ\u00e7\u00e3o, impress\u00e3o e execu\u00e7\u00e3o de servi\u00e7os externos;<br \/>\nPlanejar, organizar e acompanhar o cronograma de produ\u00e7\u00e3o, assegurando o cumprimento das metas e prazos estabelecidos;<br \/>\nGarantir o uso adequado de recursos humanos, materiais e equipamentos, otimizando produtividade e custos;<br \/>\nAcompanhar o desenvolvimento e a execu\u00e7\u00e3o de projetos em conjunto com o setor de Cria\u00e7\u00e3o, do in\u00edcio \u00e0 instala\u00e7\u00e3o no cliente;<br \/>\nAnalisar resultados de produ\u00e7\u00e3o, propondo melhorias cont\u00ednuas e solu\u00e7\u00f5es para gargalos;<br \/>\nParticipar de reuni\u00f5es e discuss\u00f5es sobre inova\u00e7\u00f5es e melhorias nas instala\u00e7\u00f5es junto aos clientes;<br \/>\nZelar pelo cumprimento das normas de seguran\u00e7a, qualidade e boas pr\u00e1ticas operacionais.<br \/>\nRequisitos:<br \/>\nExperi\u00eancia comprovada em gest\u00e3o de equipes e processos de produ\u00e7\u00e3o;<br \/>\nConhecimento em planejamento e controle de produ\u00e7\u00e3o (PCP) ser\u00e1 um diferencial;<br \/>\nBoa comunica\u00e7\u00e3o e capacidade de trabalhar em equipe;<br \/>\nEnsino m\u00e9dio completo (desej\u00e1vel forma\u00e7\u00e3o t\u00e9cnica ou superior na \u00e1rea de Produ\u00e7\u00e3o, Administra\u00e7\u00e3o ou correlatas).<br \/>\nPerfil comportamental:<br \/>\n Proativo, com perfil de lideran\u00e7a, aten\u00e7\u00e3o aos detalhes, organiza\u00e7\u00e3o e presen\u00e7a constante no ch\u00e3o de f\u00e1brica.<br \/>\nLocal de trabalho: Vila S\u00e3o Jo\u00e3o &#8211; S\u00e3o Jo\u00e3o de Meriti.<\/p>\n<ul>\n<li>Local de trabalho: S\u00e3o Jo\u00e3o de Meriti, RJ<\/li>\n<li>Regime de contrata\u00e7\u00e3o de tipo: Efetivo \u2013 CLT<\/li>\n<li>Jornada: Per\u00edodo Integral<\/li>\n<li>\u00c1rea e especializa\u00e7\u00e3o profissional: Industrial, Produ\u00e7\u00e3o, F\u00e1brica &#8211; Impress\u00e3o<\/li>\n<li>N\u00edvel hier\u00e1rquico: Supervisor<\/li>\n<\/ul>\n<p>Escolaridade M\u00ednima: Ensino Fundamental (1\u00ba grau)<\/p>\n<ul>\n<li>Refei\u00e7\u00e3o no local<\/li>\n<li>Vale transporte<\/li>\n<\/ul>\n","protected":false},"excerpt":{"rendered":"<p>Vaga: Supervisor de Produ\u00e7\u00e3o Sobre a oportunidade: Buscamos um profissional com perfil de lideran\u00e7a e vis\u00e3o de processos para atuar na supervis\u00e3o das atividades de produ\u00e7\u00e3o no setor de comunica\u00e7\u00e3o visual. O candidato ideal deve ter experi\u00eancia s\u00f3lida em gest\u00e3o de equipes operacionais, foco em resultados e aten\u00e7\u00e3o aos detalhes para garantir qualidade e efici\u00eancia [&hellip;]<\/p>\n","protected":false},"author":1,"featured_media":0,"comment_status":"open","ping_status":"open","sticky":false,"template":"","format":"standard","meta":{"footnotes":""},"categories":[21],"tags":[],"class_list":["post-5543","post","type-post","status-publish","format-standard","hentry","category-rio-de-janeiro-rj"],"_links":{"self":[{"href":"https:\/\/vagas.portalemprego.com.br\/index.php?rest_route=\/wp\/v2\/posts\/5543","targetHints":{"allow":["GET"]}}],"collection":[{"href":"https:\/\/vagas.portalemprego.com.br\/index.php?rest_route=\/wp\/v2\/posts"}],"about":[{"href":"https:\/\/vagas.portalemprego.com.br\/index.php?rest_route=\/wp\/v2\/types\/post"}],"author":[{"embeddable":true,"href":"https:\/\/vagas.portalemprego.com.br\/index.php?rest_route=\/wp\/v2\/users\/1"}],"replies":[{"embeddable":true,"href":"https:\/\/vagas.portalemprego.com.br\/index.php?rest_route=%2Fwp%2Fv2%2Fcomments&post=5543"}],"version-history":[{"count":0,"href":"https:\/\/vagas.portalemprego.com.br\/index.php?rest_route=\/wp\/v2\/posts\/5543\/revisions"}],"wp:attachment":[{"href":"https:\/\/vagas.portalemprego.com.br\/index.php?rest_route=%2Fwp%2Fv2%2Fmedia&parent=5543"}],"wp:term":[{"taxonomy":"category","embeddable":true,"href":"https:\/\/vagas.portalemprego.com.br\/index.php?rest_route=%2Fwp%2Fv2%2Fcategories&post=5543"},{"taxonomy":"post_tag","embeddable":true,"href":"https:\/\/vagas.portalemprego.com.br\/index.php?rest_route=%2Fwp%2Fv2%2Ftags&post=5543"}],"curies":[{"name":"wp","href":"https:\/\/api.w.org\/{rel}","templated":true}]}}