{"id":6121,"date":"2026-04-29T06:58:58","date_gmt":"2026-04-29T09:58:58","guid":{"rendered":"https:\/\/vagas.portalemprego.com.br\/?p=6121"},"modified":"2026-04-29T06:58:58","modified_gmt":"2026-04-29T09:58:58","slug":"agente-comercial-comercial-vendas-angra-dos-reis","status":"publish","type":"post","link":"https:\/\/vagas.portalemprego.com.br\/?p=6121","title":{"rendered":"Agente Comercial &#8211; Comercial, Vendas &#8211; Angra dos Reis"},"content":{"rendered":"<p>Radio FM l\u00edder na Costa Verde do Rio de Janeiro localizada em Angra dos Reis contrata:<\/p>\n<p>Cargo: Agente de vendas de servi\u00e7os<br \/>\nEfetivo: CLT<br \/>\nRemunera\u00e7\u00e3o: R$ 1.518,00 + comiss\u00e3o por resultado (varia\u00e7\u00e3o de 1 a 7 k)<br \/>\nBeneficios: cart\u00e3o alimenta\u00e7\u00e3o (R$ 398,40)<br \/>\nModalidade:  Presencial<br \/>\nLocal de trabalho:  Angra dos Reis, RJ<br \/>\nJornada de Trabalho: 2\u00aa a 6\u00aa das 9 as 18 horas<br \/>\nFolgas:  S\u00e1bados e domingos<\/p>\n<p>Requisitos obrigat\u00f3rios:<br \/>\n&#8211; morar em Angra dos Reis<br \/>\n&#8211; n\u00edvel intermedi\u00e1rio pacote office (e-mail, word e excel)<br \/>\n&#8211; faixa et\u00e1ria \u2013 acima de 24 anos.<br \/>\nPreferencialmente ter ve\u00edculo pr\u00f3prio.<\/p>\n<p>Perfil t\u00e9cnico:<br \/>\n&#8211; N\u00e3o \u00e9 necess\u00e1rio experi\u00eancia \u2013 a emissora dar\u00e1 treinamento.<br \/>\n&#8211; Conhecimento b\u00e1sico\/intermedi\u00e1rio em Pacote Office (Word, Excel e Outlook\/E-mail).<br \/>\n&#8211;  Gest\u00e3o de carteira de clientes \u2013 acompanhar contratos, renova\u00e7\u00f5es e pagamentos.<br \/>\n&#8211;  Capacidade de preparar propostas comerciais e relat\u00f3rios para a dire\u00e7\u00e3o.<\/p>\n<p>Atividades a serem desenvolvidas:<br \/>\n&#8211;  Capta\u00e7\u00e3o ativa de clientes locais (lojas, restaurantes, cl\u00ednicas, prestadores de servi\u00e7os em Angra e regi\u00e3o).<br \/>\n&#8211;  Venda de pacotes integrados: an\u00fancio no dial + post no Instagram + destaque no site.<br \/>\n&#8211;  Cria\u00e7\u00e3o de planos de fideliza\u00e7\u00e3o \u2013 descontos ou b\u00f4nus para contratos de 3, 6 ou 12 meses<br \/>\n&#8211;  Prospec\u00e7\u00e3o de clientes de eventos e turismo \u2013 setor forte na regi\u00e3o<br \/>\n&#8211;  Explora\u00e7\u00e3o de m\u00eddia digital \u2013 aumentar portf\u00f3lio de an\u00fancios no Instagram (stories patrocinados, reels) e site (banners e publieditoriais)<br \/>\n&#8211;  Relat\u00f3rios de resultados para clientes \u2013 mostrar retorno da publicidade, aumentando chances de renova\u00e7\u00e3o.<br \/>\n&#8211;  Parcerias estrat\u00e9gicas \u2013 fechar contratos com associa\u00e7\u00f5es comerciais, empresas de turismo e shoppings locais.<\/p>\n<p>Perfil comportamental:<br \/>\n&#8211; Comunicativo e persuasivo \u2013 precisa ter facilidade em explicar, negociar e convencer, tanto no contato presencial quanto remoto.<br \/>\n&#8211; Resili\u00eancia e persist\u00eancia.<br \/>\n&#8211; Organiza\u00e7\u00e3o e disciplina \u2013 lidar com carteira de clientes, follow-ups e registros em planilhas e e-mails.<br \/>\n&#8211; Relacionamento interpessoal \u2013 habilidade em criar e manter relacionamentos duradouros com comerciantes locais e regionais.<br \/>\n&#8211; Adaptabilidade \u2013 equilibrar o estilo tradicional com as novas demandas digitais da r\u00e1dio.<br \/>\n&#8211; Proatividade \u2013 buscar novas oportunidades, propor a\u00e7\u00f5es em contato com a ger\u00eancia direta.<\/p>\n<p>O bom relacionamento com os colegas de trabalho \u00e9 fundamental.<\/p>\n<ul>\n<li>Local de trabalho: Angra dos Reis, RJ<\/li>\n<li>Regime de contrata\u00e7\u00e3o de tipo: Efetivo \u2013 CLT<\/li>\n<li>Jornada: Per\u00edodo Integral<\/li>\n<li>\u00c1rea e especializa\u00e7\u00e3o profissional: Comercial, Vendas &#8211; Atendimento<\/li>\n<li>N\u00edvel hier\u00e1rquico: Operacional<\/li>\n<\/ul>\n<p>HABILIDADES<\/p>\n<ul>\n<li>adaptabilidade<\/li>\n<li>habilidades de relacionamento interpessoal<\/li>\n<li>disciplina<\/li>\n<li>organiza\u00e7\u00e3o<\/li>\n<li>boa comunica\u00e7\u00e3o<\/li>\n<li>resiliencia<\/li>\n<li>habilidades de persuas\u00e3o<\/li>\n<li>proatividade<\/li>\n<li>persistencia<\/li>\n<\/ul>\n<p>Escolaridade M\u00ednima: Ensino M\u00e9dio (2\u00ba Grau)<\/p>\n<ul>\n<li>cart\u00e3o alimenta\u00e7\u00e3o<\/li>\n<\/ul>\n<p>Sal\u00e1rio: 7000,0<\/p>\n","protected":false},"excerpt":{"rendered":"<p>Radio FM l\u00edder na Costa Verde do Rio de Janeiro localizada em Angra dos Reis contrata: Cargo: Agente de vendas de servi\u00e7os Efetivo: CLT Remunera\u00e7\u00e3o: R$ 1.518,00 + comiss\u00e3o por resultado (varia\u00e7\u00e3o de 1 a 7 k) Beneficios: cart\u00e3o alimenta\u00e7\u00e3o (R$ 398,40) Modalidade: Presencial Local de trabalho: Angra dos Reis, RJ Jornada de Trabalho: 2\u00aa [&hellip;]<\/p>\n","protected":false},"author":1,"featured_media":0,"comment_status":"open","ping_status":"open","sticky":false,"template":"","format":"standard","meta":{"footnotes":""},"categories":[21],"tags":[],"class_list":["post-6121","post","type-post","status-publish","format-standard","hentry","category-rio-de-janeiro-rj"],"_links":{"self":[{"href":"https:\/\/vagas.portalemprego.com.br\/index.php?rest_route=\/wp\/v2\/posts\/6121","targetHints":{"allow":["GET"]}}],"collection":[{"href":"https:\/\/vagas.portalemprego.com.br\/index.php?rest_route=\/wp\/v2\/posts"}],"about":[{"href":"https:\/\/vagas.portalemprego.com.br\/index.php?rest_route=\/wp\/v2\/types\/post"}],"author":[{"embeddable":true,"href":"https:\/\/vagas.portalemprego.com.br\/index.php?rest_route=\/wp\/v2\/users\/1"}],"replies":[{"embeddable":true,"href":"https:\/\/vagas.portalemprego.com.br\/index.php?rest_route=%2Fwp%2Fv2%2Fcomments&post=6121"}],"version-history":[{"count":0,"href":"https:\/\/vagas.portalemprego.com.br\/index.php?rest_route=\/wp\/v2\/posts\/6121\/revisions"}],"wp:attachment":[{"href":"https:\/\/vagas.portalemprego.com.br\/index.php?rest_route=%2Fwp%2Fv2%2Fmedia&parent=6121"}],"wp:term":[{"taxonomy":"category","embeddable":true,"href":"https:\/\/vagas.portalemprego.com.br\/index.php?rest_route=%2Fwp%2Fv2%2Fcategories&post=6121"},{"taxonomy":"post_tag","embeddable":true,"href":"https:\/\/vagas.portalemprego.com.br\/index.php?rest_route=%2Fwp%2Fv2%2Ftags&post=6121"}],"curies":[{"name":"wp","href":"https:\/\/api.w.org\/{rel}","templated":true}]}}