{"id":6122,"date":"2026-04-29T06:58:58","date_gmt":"2026-04-29T09:58:58","guid":{"rendered":"https:\/\/vagas.portalemprego.com.br\/?p=6122"},"modified":"2026-04-29T06:58:58","modified_gmt":"2026-04-29T09:58:58","slug":"auxiliar-de-manutencao-meier-rio-de-janeiro-construcao-manutencao-rio-de-janeiro-2","status":"publish","type":"post","link":"https:\/\/vagas.portalemprego.com.br\/?p=6122","title":{"rendered":"Auxiliar de Manuten\u00e7\u00e3o, M\u00e9ier, Rio de Janeiro &#8211; Constru\u00e7\u00e3o, Manuten\u00e7\u00e3o &#8211; Rio de Janeiro"},"content":{"rendered":"<p>Uma empresa de grande porte na \u00e1rea da Sa\u00fade, contrata AUXILIAR DE MANUTEN\u00c7\u00c3O para a regi\u00e3o de M\u00e9ier, RJ. O profissional ser\u00e1 respons\u00e1vel pela manuten\u00e7\u00e3o predial, preventiva e corretiva, dos elementos estruturais de funda\u00e7\u00e3o, b\u00e1sicos e complementares, bem como dos sistemas hidrossanit\u00e1rios, mantendo as estruturas em perfeitas condi\u00e7\u00f5es de funcionamento e conserva\u00e7\u00e3o de acordo com as normas aplic\u00e1veis e exig\u00eancias da empresa.<br \/>\nREQUISITOS:<br \/>\nEnsino M\u00e9dio completo<br \/>\nExperi\u00eancia na fun\u00e7\u00e3o<br \/>\nHOR\u00c1RIO: De segunda a quinta, das 8h \u00e0s 18h, e das 8h \u00e0s 17h de sexta.<\/p>\n<ul>\n<li>Local de trabalho: Rio de Janeiro, RJ<\/li>\n<li>Regime de contrata\u00e7\u00e3o de tipo: Tempor\u00e1rio<\/li>\n<li>Jornada: Per\u00edodo Integral<\/li>\n<li>\u00c1rea e especializa\u00e7\u00e3o profissional: Constru\u00e7\u00e3o, Manuten\u00e7\u00e3o &#8211; Manuten\u00e7\u00e3o em Geral<\/li>\n<li>N\u00edvel hier\u00e1rquico: Auxiliar<\/li>\n<\/ul>\n<p>Escolaridade M\u00ednima: Ensino M\u00e9dio (2\u00ba Grau)<\/p>\n<p>Sal\u00e1rio: 1650,0<\/p>\n","protected":false},"excerpt":{"rendered":"<p>Uma empresa de grande porte na \u00e1rea da Sa\u00fade, contrata AUXILIAR DE MANUTEN\u00c7\u00c3O para a regi\u00e3o de M\u00e9ier, RJ. O profissional ser\u00e1 respons\u00e1vel pela manuten\u00e7\u00e3o predial, preventiva e corretiva, dos elementos estruturais de funda\u00e7\u00e3o, b\u00e1sicos e complementares, bem como dos sistemas hidrossanit\u00e1rios, mantendo as estruturas em perfeitas condi\u00e7\u00f5es de funcionamento e conserva\u00e7\u00e3o de acordo com [&hellip;]<\/p>\n","protected":false},"author":1,"featured_media":0,"comment_status":"open","ping_status":"open","sticky":false,"template":"","format":"standard","meta":{"footnotes":""},"categories":[21],"tags":[],"class_list":["post-6122","post","type-post","status-publish","format-standard","hentry","category-rio-de-janeiro-rj"],"_links":{"self":[{"href":"https:\/\/vagas.portalemprego.com.br\/index.php?rest_route=\/wp\/v2\/posts\/6122","targetHints":{"allow":["GET"]}}],"collection":[{"href":"https:\/\/vagas.portalemprego.com.br\/index.php?rest_route=\/wp\/v2\/posts"}],"about":[{"href":"https:\/\/vagas.portalemprego.com.br\/index.php?rest_route=\/wp\/v2\/types\/post"}],"author":[{"embeddable":true,"href":"https:\/\/vagas.portalemprego.com.br\/index.php?rest_route=\/wp\/v2\/users\/1"}],"replies":[{"embeddable":true,"href":"https:\/\/vagas.portalemprego.com.br\/index.php?rest_route=%2Fwp%2Fv2%2Fcomments&post=6122"}],"version-history":[{"count":0,"href":"https:\/\/vagas.portalemprego.com.br\/index.php?rest_route=\/wp\/v2\/posts\/6122\/revisions"}],"wp:attachment":[{"href":"https:\/\/vagas.portalemprego.com.br\/index.php?rest_route=%2Fwp%2Fv2%2Fmedia&parent=6122"}],"wp:term":[{"taxonomy":"category","embeddable":true,"href":"https:\/\/vagas.portalemprego.com.br\/index.php?rest_route=%2Fwp%2Fv2%2Fcategories&post=6122"},{"taxonomy":"post_tag","embeddable":true,"href":"https:\/\/vagas.portalemprego.com.br\/index.php?rest_route=%2Fwp%2Fv2%2Ftags&post=6122"}],"curies":[{"name":"wp","href":"https:\/\/api.w.org\/{rel}","templated":true}]}}