{"id":6123,"date":"2026-04-29T06:58:58","date_gmt":"2026-04-29T09:58:58","guid":{"rendered":"https:\/\/vagas.portalemprego.com.br\/?p=6123"},"modified":"2026-04-29T06:58:58","modified_gmt":"2026-04-29T09:58:58","slug":"recepcionista-comercial-para-conceituada-clinica-harmonizacao-facialna-barra-da-tijuca-rj-comercial-vendas-avelar","status":"publish","type":"post","link":"https:\/\/vagas.portalemprego.com.br\/?p=6123","title":{"rendered":"RECEPCIONISTA COMERCIAL para conceituada Cl\u00ednica Harmoniza\u00e7\u00e3o Facialna BARRA DA TIJUCA &#8211; RJ &#8211; Comercial, Vendas &#8211; Avelar"},"content":{"rendered":"<p>Dias: Segunda a S\u00e1bado<br \/>\nHor\u00e1rio: 08:00h \u00e0s 17:00h<br \/>\nContrata\u00e7\u00e3o CLT: R$ 2.000,00 + % de comiss\u00e3o + VT<br \/>\n(M\u00e9dia de ganho R$ 3.500,00)<\/p>\n<p>Suas principais responsabilidades:<br \/>\n&#8211; Atendimento de leads via CRM<br \/>\n&#8211; Prospec\u00e7\u00e3o, follow-up e apoio ao marketing<br \/>\n&#8211; Gest\u00e3o de agenda: confirma\u00e7\u00e3o, agendamentos e relacionamento com pacientes<br \/>\n&#8211; Foco em meta e super meta de agendamentos mensais<\/p>\n<p>Pr\u00e9-requisitos obrigat\u00f3rios:<br \/>\n&#8211; Experi\u00eancia com atendimento em cl\u00ednicas de est\u00e9tica, m\u00e9dicas ou odontol\u00f3gicas<br \/>\n&#8211; Experi\u00eancia com marca\u00e7\u00e3o de consultas<br \/>\n&#8211; Facilidade de comunica\u00e7\u00e3o e persuas\u00e3o via WhatsApp<\/p>\n<p> Pr\u00e9-requisitos desejados:<br \/>\n&#8211; Ter trabalhado com sistemas de CRM<\/p>\n<ul>\n<li>Local de trabalho: Avelar, RJ<\/li>\n<li>Regime de contrata\u00e7\u00e3o de tipo: Efetivo \u2013 CLT<\/li>\n<li>Jornada: Per\u00edodo Integral<\/li>\n<li>\u00c1rea e especializa\u00e7\u00e3o profissional: Comercial, Vendas &#8211; Venda Interna<\/li>\n<li>N\u00edvel hier\u00e1rquico: Consultor<\/li>\n<\/ul>\n<p>VALORIZADO<\/p>\n<p>Tempo de experi\u00eancia: Entre 1 e 3 anos<\/p>\n<p>Escolaridade M\u00ednima: Ensino M\u00e9dio (2\u00ba Grau)<\/p>\n<p>Sal\u00e1rio: 3500,0<\/p>\n","protected":false},"excerpt":{"rendered":"<p>Dias: Segunda a S\u00e1bado Hor\u00e1rio: 08:00h \u00e0s 17:00h Contrata\u00e7\u00e3o CLT: R$ 2.000,00 + % de comiss\u00e3o + VT (M\u00e9dia de ganho R$ 3.500,00) Suas principais responsabilidades: &#8211; Atendimento de leads via CRM &#8211; Prospec\u00e7\u00e3o, follow-up e apoio ao marketing &#8211; Gest\u00e3o de agenda: confirma\u00e7\u00e3o, agendamentos e relacionamento com pacientes &#8211; Foco em meta e super [&hellip;]<\/p>\n","protected":false},"author":1,"featured_media":0,"comment_status":"open","ping_status":"open","sticky":false,"template":"","format":"standard","meta":{"footnotes":""},"categories":[21],"tags":[],"class_list":["post-6123","post","type-post","status-publish","format-standard","hentry","category-rio-de-janeiro-rj"],"_links":{"self":[{"href":"https:\/\/vagas.portalemprego.com.br\/index.php?rest_route=\/wp\/v2\/posts\/6123","targetHints":{"allow":["GET"]}}],"collection":[{"href":"https:\/\/vagas.portalemprego.com.br\/index.php?rest_route=\/wp\/v2\/posts"}],"about":[{"href":"https:\/\/vagas.portalemprego.com.br\/index.php?rest_route=\/wp\/v2\/types\/post"}],"author":[{"embeddable":true,"href":"https:\/\/vagas.portalemprego.com.br\/index.php?rest_route=\/wp\/v2\/users\/1"}],"replies":[{"embeddable":true,"href":"https:\/\/vagas.portalemprego.com.br\/index.php?rest_route=%2Fwp%2Fv2%2Fcomments&post=6123"}],"version-history":[{"count":0,"href":"https:\/\/vagas.portalemprego.com.br\/index.php?rest_route=\/wp\/v2\/posts\/6123\/revisions"}],"wp:attachment":[{"href":"https:\/\/vagas.portalemprego.com.br\/index.php?rest_route=%2Fwp%2Fv2%2Fmedia&parent=6123"}],"wp:term":[{"taxonomy":"category","embeddable":true,"href":"https:\/\/vagas.portalemprego.com.br\/index.php?rest_route=%2Fwp%2Fv2%2Fcategories&post=6123"},{"taxonomy":"post_tag","embeddable":true,"href":"https:\/\/vagas.portalemprego.com.br\/index.php?rest_route=%2Fwp%2Fv2%2Ftags&post=6123"}],"curies":[{"name":"wp","href":"https:\/\/api.w.org\/{rel}","templated":true}]}}