{"id":6200,"date":"2026-04-29T06:57:57","date_gmt":"2026-04-29T09:57:57","guid":{"rendered":"https:\/\/vagas.portalemprego.com.br\/?p=6200"},"modified":"2026-04-29T06:57:57","modified_gmt":"2026-04-29T09:57:57","slug":"jovem-aprendiz-de-servicos-hoteleiros-hotelaria-turismo-rio-de-janeiro","status":"publish","type":"post","link":"https:\/\/vagas.portalemprego.com.br\/?p=6200","title":{"rendered":"Jovem Aprendiz de Servi\u00e7os Hoteleiros &#8211; Hotelaria, Turismo &#8211; Rio de Janeiro"},"content":{"rendered":"<p>Estamos com inscri\u00e7\u00f5es abertas para vagas de Jovem Aprendiz 2025-2026 de Hot\u00e9is Othon.<\/p>\n<p>Se voc\u00ea tem entre 18 e 22 anos e concluiu o Ensino M\u00e9dio, prepare-se para uma oportunidade incr\u00edvel!<\/p>\n<p>A Rede de Hot\u00e9is Othon abre as portas para o seu Programa de Jovem Aprendiz 2025-2026, uma oportunidade incr\u00edvel para voc\u00ea dar os primeiros passos no mercado de trabalho em uma das maiores redes hoteleiras do Rio de Janeiro.<\/p>\n<p>\u2022 Quem buscamos?<\/p>\n<p>&#8211; Jovens entre 18 e 22 anos;<br \/>\n&#8211; Que tenham conclu\u00eddo o ensino m\u00e9dio;<br \/>\n&#8211; Muita disposi\u00e7\u00e3o e vontade de aprender;<br \/>\n&#8211; Disponibilidade de segunda a sexta &#8211; 4h di\u00e1ria (manh\u00e3 ou tarde).<\/p>\n<p>\u2022 O que oferecemos?<\/p>\n<p>&#8211; Sal\u00e1rio que valoriza seu talento;<br \/>\n&#8211; Assist\u00eancia m\u00e9dica e odontol\u00f3gica Amil;<br \/>\n&#8211; Restaurante com comida de alta qualidade;<br \/>\n&#8211; Oportunidade de aprendizado e desenvolvimento cont\u00ednuo;<br \/>\n&#8211; Desconto na academia do hotel;<br \/>\n&#8211; Plataforma SalaryFits com um pacote completo de benef\u00edcios pensando no seu bem-estar!<br \/>\n&#8211; Um clima organizacional incr\u00edvel;<br \/>\n&#8211; Aqui voc\u00ea trabalha em um ambiente seguro, com pol\u00edticas de \u00e9tica e conduta bem definidas.<\/p>\n<p>Incr\u00edvel n\u00e9?! Se interessou? Ent\u00e3o n\u00e3o perca tempo e fa\u00e7a sua inscri\u00e7\u00e3o.<\/p>\n<ul>\n<li>N\u00famero de vagas: 2<\/li>\n<li>Local de trabalho: Rio de Janeiro, RJ<\/li>\n<li>Regime de contrata\u00e7\u00e3o de tipo: Jovem Aprendiz<\/li>\n<li>Jornada: Per\u00edodo Integral<\/li>\n<li>\u00c1rea e especializa\u00e7\u00e3o profissional: Hotelaria, Turismo &#8211; Hotelaria<\/li>\n<li>N\u00edvel hier\u00e1rquico: Estagi\u00e1rio<\/li>\n<\/ul>\n<p>VALORIZADO<\/p>\n<p>Tempo de experi\u00eancia: Sem experi\u00eancia<\/p>\n<p>HABILIDADES<\/p>\n<ul>\n<li>Comprometimento<\/li>\n<li>Espirito de equipe<\/li>\n<li>Pr\u00f3-atividade<\/li>\n<li>Vontade de aprender<\/li>\n<\/ul>\n<p>Escolaridade M\u00ednima: Ensino M\u00e9dio (2\u00ba Grau)<\/p>\n<ul>\n<li>Plataforma MultiBenef\u00edcios SalaryFits<\/li>\n<li>Vale transporte<\/li>\n<li>Desconto na academia do hotel<\/li>\n<li>Conv\u00eanio SESC<\/li>\n<li>Assist\u00eancia m\u00e9dica e odontol\u00f3gica Amil<\/li>\n<li>Seguro de Vida<\/li>\n<li>Restaurante com comida de alta qualidade<\/li>\n<\/ul>\n<p>Sal\u00e1rio: 729,58<\/p>\n","protected":false},"excerpt":{"rendered":"<p>Estamos com inscri\u00e7\u00f5es abertas para vagas de Jovem Aprendiz 2025-2026 de Hot\u00e9is Othon. Se voc\u00ea tem entre 18 e 22 anos e concluiu o Ensino M\u00e9dio, prepare-se para uma oportunidade incr\u00edvel! A Rede de Hot\u00e9is Othon abre as portas para o seu Programa de Jovem Aprendiz 2025-2026, uma oportunidade incr\u00edvel para voc\u00ea dar os primeiros [&hellip;]<\/p>\n","protected":false},"author":1,"featured_media":0,"comment_status":"open","ping_status":"open","sticky":false,"template":"","format":"standard","meta":{"footnotes":""},"categories":[21],"tags":[],"class_list":["post-6200","post","type-post","status-publish","format-standard","hentry","category-rio-de-janeiro-rj"],"_links":{"self":[{"href":"https:\/\/vagas.portalemprego.com.br\/index.php?rest_route=\/wp\/v2\/posts\/6200","targetHints":{"allow":["GET"]}}],"collection":[{"href":"https:\/\/vagas.portalemprego.com.br\/index.php?rest_route=\/wp\/v2\/posts"}],"about":[{"href":"https:\/\/vagas.portalemprego.com.br\/index.php?rest_route=\/wp\/v2\/types\/post"}],"author":[{"embeddable":true,"href":"https:\/\/vagas.portalemprego.com.br\/index.php?rest_route=\/wp\/v2\/users\/1"}],"replies":[{"embeddable":true,"href":"https:\/\/vagas.portalemprego.com.br\/index.php?rest_route=%2Fwp%2Fv2%2Fcomments&post=6200"}],"version-history":[{"count":0,"href":"https:\/\/vagas.portalemprego.com.br\/index.php?rest_route=\/wp\/v2\/posts\/6200\/revisions"}],"wp:attachment":[{"href":"https:\/\/vagas.portalemprego.com.br\/index.php?rest_route=%2Fwp%2Fv2%2Fmedia&parent=6200"}],"wp:term":[{"taxonomy":"category","embeddable":true,"href":"https:\/\/vagas.portalemprego.com.br\/index.php?rest_route=%2Fwp%2Fv2%2Fcategories&post=6200"},{"taxonomy":"post_tag","embeddable":true,"href":"https:\/\/vagas.portalemprego.com.br\/index.php?rest_route=%2Fwp%2Fv2%2Ftags&post=6200"}],"curies":[{"name":"wp","href":"https:\/\/api.w.org\/{rel}","templated":true}]}}