{"id":6201,"date":"2026-04-29T06:57:57","date_gmt":"2026-04-29T09:57:57","guid":{"rendered":"https:\/\/vagas.portalemprego.com.br\/?p=6201"},"modified":"2026-04-29T06:57:57","modified_gmt":"2026-04-29T09:57:57","slug":"auxiliar-de-limpeza-servicos-gerais-rio-de-janeiro-19","status":"publish","type":"post","link":"https:\/\/vagas.portalemprego.com.br\/?p=6201","title":{"rendered":"Auxiliar de Limpeza &#8211; Servi\u00e7os Gerais &#8211; Rio de Janeiro"},"content":{"rendered":"<p>PARA PARTICIPAR DO PROCESSO SELETIVO, BASTA SE INSCREVER NO FORMUL\u00c1RIO A SEGUIR:<br \/>\nhttps:\/\/docs.google.com\/forms\/d\/e\/1FAIpQLSeoPv5dVxJDREOnf7X9LEO1hHSkSoiK5MAl8w6-b_cWG1JX-A\/viewform?usp=header<\/p>\n<p>Ol\u00e1!<\/p>\n<p>A WFS Orbital est\u00e1 com vagas abertas! Temos excelentes oportunidades esperando por voc\u00ea!<\/p>\n<p>Estamos em busca de profissionais para atuar como Auxiliar de Limpeza. Se voc\u00ea deseja fazer parte de uma equipe comprometida e que valoriza a seguran\u00e7a, venha fazer parte do nosso time.<\/p>\n<p>Requisitos:<br \/>\nSer maior de 18 anos;<br \/>\nBoa comunica\u00e7\u00e3o;<br \/>\nEnsino M\u00e9dio Completo.<\/p>\n<p> Responsabilidades:<br \/>\n\u2022    Realizar a separa\u00e7\u00e3o dos kits necess\u00e1rios para execu\u00e7\u00e3o das atividades da equipe de Limpeza, conforme procedimento da Empresa ou Cliente e considerando a escala de atendimento do dia seguinte;<br \/>\n\u2022    Executar limpeza nas \u00e1reas de 1\u00aa Classe, Classe Executiva, Econ\u00f4mica e Cabines;<br \/>\n\u2022    Retirar res\u00edduos das galleys, compartimento interno de bagagens e bols\u00f5es das poltronas;<br \/>\n\u2022    Realizar a aspira\u00e7\u00e3o das poltronas e carpetes, observando o m\u00e9todo correto para a sua execu\u00e7\u00e3o;<br \/>\n\u2022    Retirar todos os lixos e res\u00edduos encontrados no decorrer da limpeza, segregar conforme o tipo de res\u00edduo e normas da Anvisa;<br \/>\n\u2022    Proceder a desinfec\u00e7\u00e3o do interior da aeronave, fazer limpeza no ambiente, repor os materiais fornecidos pela companhia a\u00e9rea (Operador A\u00e9reo);<br \/>\n\u2022    Cumprir o PLD &#8211; Processo de Limpeza e Desinfec\u00e7\u00e3o dos equipamentos de trabalho.<\/p>\n<p>Envie seu curr\u00edculo e junte-se a n\u00f3s nessa jornada de crescimento e sucesso!<\/p>\n<p>Estamos ansiosos para conhecer voc\u00ea!<\/p>\n<ul>\n<li>Local de trabalho: Rio de Janeiro, RJ<\/li>\n<li>Regime de contrata\u00e7\u00e3o de tipo: Efetivo \u2013 CLT<\/li>\n<li>Jornada: Per\u00edodo Integral<\/li>\n<li>\u00c1rea e especializa\u00e7\u00e3o profissional: Servi\u00e7os Gerais &#8211; Limpeza<\/li>\n<li>N\u00edvel hier\u00e1rquico: Auxiliar<\/li>\n<\/ul>\n<p>Escolaridade M\u00ednima: Ensino M\u00e9dio (2\u00ba Grau)<\/p>\n<ul>\n<li>vale alimenta\u00e7\u00e3o<\/li>\n<li>Seguro de Vida<\/li>\n<li>vale transporte<\/li>\n<\/ul>\n","protected":false},"excerpt":{"rendered":"<p>PARA PARTICIPAR DO PROCESSO SELETIVO, BASTA SE INSCREVER NO FORMUL\u00c1RIO A SEGUIR: https:\/\/docs.google.com\/forms\/d\/e\/1FAIpQLSeoPv5dVxJDREOnf7X9LEO1hHSkSoiK5MAl8w6-b_cWG1JX-A\/viewform?usp=header Ol\u00e1! A WFS Orbital est\u00e1 com vagas abertas! Temos excelentes oportunidades esperando por voc\u00ea! Estamos em busca de profissionais para atuar como Auxiliar de Limpeza. Se voc\u00ea deseja fazer parte de uma equipe comprometida e que valoriza a seguran\u00e7a, venha fazer parte [&hellip;]<\/p>\n","protected":false},"author":1,"featured_media":0,"comment_status":"open","ping_status":"open","sticky":false,"template":"","format":"standard","meta":{"footnotes":""},"categories":[21],"tags":[],"class_list":["post-6201","post","type-post","status-publish","format-standard","hentry","category-rio-de-janeiro-rj"],"_links":{"self":[{"href":"https:\/\/vagas.portalemprego.com.br\/index.php?rest_route=\/wp\/v2\/posts\/6201","targetHints":{"allow":["GET"]}}],"collection":[{"href":"https:\/\/vagas.portalemprego.com.br\/index.php?rest_route=\/wp\/v2\/posts"}],"about":[{"href":"https:\/\/vagas.portalemprego.com.br\/index.php?rest_route=\/wp\/v2\/types\/post"}],"author":[{"embeddable":true,"href":"https:\/\/vagas.portalemprego.com.br\/index.php?rest_route=\/wp\/v2\/users\/1"}],"replies":[{"embeddable":true,"href":"https:\/\/vagas.portalemprego.com.br\/index.php?rest_route=%2Fwp%2Fv2%2Fcomments&post=6201"}],"version-history":[{"count":0,"href":"https:\/\/vagas.portalemprego.com.br\/index.php?rest_route=\/wp\/v2\/posts\/6201\/revisions"}],"wp:attachment":[{"href":"https:\/\/vagas.portalemprego.com.br\/index.php?rest_route=%2Fwp%2Fv2%2Fmedia&parent=6201"}],"wp:term":[{"taxonomy":"category","embeddable":true,"href":"https:\/\/vagas.portalemprego.com.br\/index.php?rest_route=%2Fwp%2Fv2%2Fcategories&post=6201"},{"taxonomy":"post_tag","embeddable":true,"href":"https:\/\/vagas.portalemprego.com.br\/index.php?rest_route=%2Fwp%2Fv2%2Ftags&post=6201"}],"curies":[{"name":"wp","href":"https:\/\/api.w.org\/{rel}","templated":true}]}}