{"id":6202,"date":"2026-04-29T06:57:57","date_gmt":"2026-04-29T09:57:57","guid":{"rendered":"https:\/\/vagas.portalemprego.com.br\/?p=6202"},"modified":"2026-04-29T06:57:57","modified_gmt":"2026-04-29T09:57:57","slug":"gerente-de-mercado-administracao-duque-de-caxias","status":"publish","type":"post","link":"https:\/\/vagas.portalemprego.com.br\/?p=6202","title":{"rendered":"Gerente de Mercado &#8211; Administra\u00e7\u00e3o &#8211; Duque de Caxias"},"content":{"rendered":"<p>GERENTE DE MERCADO<br \/>\nEstamos em busca de um Gerente de Mercado para se juntar \u00e0 nossa equipe .<br \/>\nComo Gerente de Mercado, voc\u00ea ser\u00e1 respons\u00e1vel por liderar e desenvolver estrat\u00e9gias de marketing que impulsionem a presen\u00e7a e o reconhecimento da marca no mercado local e regional.<br \/>\nSua miss\u00e3o ser\u00e1 maximizar a visibilidade e o impacto da marca, garantindo a consist\u00eancia da imagem da empresa e alavancando as oportunidades de crescimento.<\/p>\n<p>Voc\u00ea ser\u00e1 o ponto de contato principal para todas as atividades de marketing e comunica\u00e7\u00e3o, trabalhando em estreita colabora\u00e7\u00e3o com as equipes de vendas e suporte para garantir a integra\u00e7\u00e3o e o alinhamento das estrat\u00e9gias.<br \/>\nSua expertise em an\u00e1lise de mercado e tend\u00eancias regionais ser\u00e1 crucial para identificar e implementar novas oportunidades de neg\u00f3cios.<\/p>\n<p>Al\u00e9m de liderar campanhas de marketing, voc\u00ea tamb\u00e9m ser\u00e1 respons\u00e1vel por gerenciar or\u00e7amentos, acompanhar o desempenho das a\u00e7\u00f5es e garantir o retorno sobre o investimento.<br \/>\nSua capacidade de comunica\u00e7\u00e3o e lideran\u00e7a ser\u00e1 essencial para inspirar e motivar a equipe, bem como para construir relacionamentos estrat\u00e9gicos com parceiros e influenciadores locais.<\/p>\n<p>Experi\u00eancia em gest\u00e3o de equipes, com um hist\u00f3rico comprovado em estrat\u00e9gias de marketing de sucesso, \u00e9 essencial para este cargo.<br \/>\nO candidato ideal deve ter uma compreens\u00e3o profunda do mercado local e das din\u00e2micas regionais, al\u00e9m de habilidades anal\u00edticas agu\u00e7adas para o monitoramento e avalia\u00e7\u00e3o de campanhas.<\/p>\n<ul>\n<li>Local de trabalho: Duque de Caxias, RJ<\/li>\n<li>Regime de contrata\u00e7\u00e3o de tipo: Efetivo \u2013 CLT<\/li>\n<li>Jornada: Per\u00edodo Integral<\/li>\n<li>\u00c1rea e especializa\u00e7\u00e3o profissional: Administra\u00e7\u00e3o &#8211; Administra\u00e7\u00e3o Geral<\/li>\n<li>N\u00edvel hier\u00e1rquico: Gerente<\/li>\n<\/ul>\n<p>VALORIZADO<\/p>\n<p>Tempo de experi\u00eancia: Entre 1 e 3 anos<\/p>\n<p>Escolaridade M\u00ednima: Ensino M\u00e9dio (2\u00ba Grau)<\/p>\n<p>Sal\u00e1rio: 2600,0<\/p>\n","protected":false},"excerpt":{"rendered":"<p>GERENTE DE MERCADO Estamos em busca de um Gerente de Mercado para se juntar \u00e0 nossa equipe . Como Gerente de Mercado, voc\u00ea ser\u00e1 respons\u00e1vel por liderar e desenvolver estrat\u00e9gias de marketing que impulsionem a presen\u00e7a e o reconhecimento da marca no mercado local e regional. Sua miss\u00e3o ser\u00e1 maximizar a visibilidade e o impacto [&hellip;]<\/p>\n","protected":false},"author":1,"featured_media":0,"comment_status":"open","ping_status":"open","sticky":false,"template":"","format":"standard","meta":{"footnotes":""},"categories":[21],"tags":[],"class_list":["post-6202","post","type-post","status-publish","format-standard","hentry","category-rio-de-janeiro-rj"],"_links":{"self":[{"href":"https:\/\/vagas.portalemprego.com.br\/index.php?rest_route=\/wp\/v2\/posts\/6202","targetHints":{"allow":["GET"]}}],"collection":[{"href":"https:\/\/vagas.portalemprego.com.br\/index.php?rest_route=\/wp\/v2\/posts"}],"about":[{"href":"https:\/\/vagas.portalemprego.com.br\/index.php?rest_route=\/wp\/v2\/types\/post"}],"author":[{"embeddable":true,"href":"https:\/\/vagas.portalemprego.com.br\/index.php?rest_route=\/wp\/v2\/users\/1"}],"replies":[{"embeddable":true,"href":"https:\/\/vagas.portalemprego.com.br\/index.php?rest_route=%2Fwp%2Fv2%2Fcomments&post=6202"}],"version-history":[{"count":0,"href":"https:\/\/vagas.portalemprego.com.br\/index.php?rest_route=\/wp\/v2\/posts\/6202\/revisions"}],"wp:attachment":[{"href":"https:\/\/vagas.portalemprego.com.br\/index.php?rest_route=%2Fwp%2Fv2%2Fmedia&parent=6202"}],"wp:term":[{"taxonomy":"category","embeddable":true,"href":"https:\/\/vagas.portalemprego.com.br\/index.php?rest_route=%2Fwp%2Fv2%2Fcategories&post=6202"},{"taxonomy":"post_tag","embeddable":true,"href":"https:\/\/vagas.portalemprego.com.br\/index.php?rest_route=%2Fwp%2Fv2%2Ftags&post=6202"}],"curies":[{"name":"wp","href":"https:\/\/api.w.org\/{rel}","templated":true}]}}