{"id":6211,"date":"2026-04-29T06:58:58","date_gmt":"2026-04-29T09:58:58","guid":{"rendered":"https:\/\/vagas.portalemprego.com.br\/?p=6211"},"modified":"2026-04-29T06:58:58","modified_gmt":"2026-04-29T09:58:58","slug":"auxiliar-de-conferente-logistica-rio-de-janeiro","status":"publish","type":"post","link":"https:\/\/vagas.portalemprego.com.br\/?p=6211","title":{"rendered":"Auxiliar de Conferente &#8211; Log\u00edstica &#8211; Rio de Janeiro"},"content":{"rendered":"<p>Auxiliar na confer\u00eancia de mercadorias recebidas e expedidas.<\/p>\n<p>Apoiar na verifica\u00e7\u00e3o de quantidades, validades e condi\u00e7\u00f5es dos produtos.<\/p>\n<p>Ajudar na organiza\u00e7\u00e3o do estoque e na separa\u00e7\u00e3o de pedidos.<\/p>\n<p>Garantir o cumprimento das normas de seguran\u00e7a e higiene.<\/p>\n<p>Apoiar a equipe de log\u00edstica nas rotinas di\u00e1rias.<\/p>\n<p>Todas as nossas vagas tamb\u00e9m est\u00e3o dispon\u00edveis para Pessoas com Defici\u00eancia (PCD). Valorizamos a diversidade e a inclus\u00e3o em nosso ambiente de trabalho.<\/p>\n<ul>\n<li>Local de trabalho: Rio de Janeiro, RJ<\/li>\n<li>Regime de contrata\u00e7\u00e3o de tipo: Efetivo \u2013 CLT<\/li>\n<li>Jornada: Per\u00edodo Integral<\/li>\n<li>\u00c1rea e especializa\u00e7\u00e3o profissional: Log\u00edstica &#8211; Log\u00edstica<\/li>\n<li>N\u00edvel hier\u00e1rquico: Auxiliar<\/li>\n<\/ul>\n<p>VALORIZADO<\/p>\n<p>Tempo de experi\u00eancia: Entre 1 e 3 anos<\/p>\n<p>Escolaridade M\u00ednima: Ensino M\u00e9dio (2\u00ba Grau)<\/p>\n<p>Sal\u00e1rio: 1956,24<\/p>\n","protected":false},"excerpt":{"rendered":"<p>Auxiliar na confer\u00eancia de mercadorias recebidas e expedidas. Apoiar na verifica\u00e7\u00e3o de quantidades, validades e condi\u00e7\u00f5es dos produtos. Ajudar na organiza\u00e7\u00e3o do estoque e na separa\u00e7\u00e3o de pedidos. Garantir o cumprimento das normas de seguran\u00e7a e higiene. Apoiar a equipe de log\u00edstica nas rotinas di\u00e1rias. Todas as nossas vagas tamb\u00e9m est\u00e3o dispon\u00edveis para Pessoas com [&hellip;]<\/p>\n","protected":false},"author":1,"featured_media":0,"comment_status":"open","ping_status":"open","sticky":false,"template":"","format":"standard","meta":{"footnotes":""},"categories":[21],"tags":[],"class_list":["post-6211","post","type-post","status-publish","format-standard","hentry","category-rio-de-janeiro-rj"],"_links":{"self":[{"href":"https:\/\/vagas.portalemprego.com.br\/index.php?rest_route=\/wp\/v2\/posts\/6211","targetHints":{"allow":["GET"]}}],"collection":[{"href":"https:\/\/vagas.portalemprego.com.br\/index.php?rest_route=\/wp\/v2\/posts"}],"about":[{"href":"https:\/\/vagas.portalemprego.com.br\/index.php?rest_route=\/wp\/v2\/types\/post"}],"author":[{"embeddable":true,"href":"https:\/\/vagas.portalemprego.com.br\/index.php?rest_route=\/wp\/v2\/users\/1"}],"replies":[{"embeddable":true,"href":"https:\/\/vagas.portalemprego.com.br\/index.php?rest_route=%2Fwp%2Fv2%2Fcomments&post=6211"}],"version-history":[{"count":0,"href":"https:\/\/vagas.portalemprego.com.br\/index.php?rest_route=\/wp\/v2\/posts\/6211\/revisions"}],"wp:attachment":[{"href":"https:\/\/vagas.portalemprego.com.br\/index.php?rest_route=%2Fwp%2Fv2%2Fmedia&parent=6211"}],"wp:term":[{"taxonomy":"category","embeddable":true,"href":"https:\/\/vagas.portalemprego.com.br\/index.php?rest_route=%2Fwp%2Fv2%2Fcategories&post=6211"},{"taxonomy":"post_tag","embeddable":true,"href":"https:\/\/vagas.portalemprego.com.br\/index.php?rest_route=%2Fwp%2Fv2%2Ftags&post=6211"}],"curies":[{"name":"wp","href":"https:\/\/api.w.org\/{rel}","templated":true}]}}