{"id":6212,"date":"2026-04-29T06:58:58","date_gmt":"2026-04-29T09:58:58","guid":{"rendered":"https:\/\/vagas.portalemprego.com.br\/?p=6212"},"modified":"2026-04-29T06:58:58","modified_gmt":"2026-04-29T09:58:58","slug":"separador-de-mercadorias-logistica-rio-de-janeiro","status":"publish","type":"post","link":"https:\/\/vagas.portalemprego.com.br\/?p=6212","title":{"rendered":"Separador de Mercadorias &#8211; Log\u00edstica &#8211; Rio de Janeiro"},"content":{"rendered":"<p>Realizar a separa\u00e7\u00e3o de produtos de acordo com os pedidos de clientes.<\/p>\n<p>Conferir mercadorias, garantindo a quantidade e qualidade.<\/p>\n<p>Organizar os produtos em \u00e1reas espec\u00edficas para expedi\u00e7\u00e3o.<\/p>\n<p>Auxiliar na movimenta\u00e7\u00e3o e armazenagem dos itens.<\/p>\n<p>Cumprir normas de seguran\u00e7a e boas pr\u00e1ticas no manuseio de alimentos.<\/p>\n<p>Todas as nossas vagas tamb\u00e9m est\u00e3o dispon\u00edveis para Pessoas com Defici\u00eancia (PCD). Valorizamos a diversidade e a inclus\u00e3o em nosso ambiente de trabalho.<\/p>\n<ul>\n<li>Local de trabalho: Rio de Janeiro, RJ<\/li>\n<li>Regime de contrata\u00e7\u00e3o de tipo: Efetivo \u2013 CLT<\/li>\n<li>Jornada: Per\u00edodo Integral<\/li>\n<li>\u00c1rea e especializa\u00e7\u00e3o profissional: Log\u00edstica &#8211; Log\u00edstica<\/li>\n<li>N\u00edvel hier\u00e1rquico: Operacional<\/li>\n<\/ul>\n<p>VALORIZADO<\/p>\n<p>Tempo de experi\u00eancia: Entre 1 e 3 anos<\/p>\n<p>Escolaridade M\u00ednima: Ensino Fundamental (1\u00ba grau)<\/p>\n<ul>\n<li>VT, VR E PLANO DE SA\u00daDE<\/li>\n<\/ul>\n<p>Sal\u00e1rio: 1600,0<\/p>\n","protected":false},"excerpt":{"rendered":"<p>Realizar a separa\u00e7\u00e3o de produtos de acordo com os pedidos de clientes. Conferir mercadorias, garantindo a quantidade e qualidade. Organizar os produtos em \u00e1reas espec\u00edficas para expedi\u00e7\u00e3o. Auxiliar na movimenta\u00e7\u00e3o e armazenagem dos itens. Cumprir normas de seguran\u00e7a e boas pr\u00e1ticas no manuseio de alimentos. Todas as nossas vagas tamb\u00e9m est\u00e3o dispon\u00edveis para Pessoas com [&hellip;]<\/p>\n","protected":false},"author":1,"featured_media":0,"comment_status":"open","ping_status":"open","sticky":false,"template":"","format":"standard","meta":{"footnotes":""},"categories":[21],"tags":[],"class_list":["post-6212","post","type-post","status-publish","format-standard","hentry","category-rio-de-janeiro-rj"],"_links":{"self":[{"href":"https:\/\/vagas.portalemprego.com.br\/index.php?rest_route=\/wp\/v2\/posts\/6212","targetHints":{"allow":["GET"]}}],"collection":[{"href":"https:\/\/vagas.portalemprego.com.br\/index.php?rest_route=\/wp\/v2\/posts"}],"about":[{"href":"https:\/\/vagas.portalemprego.com.br\/index.php?rest_route=\/wp\/v2\/types\/post"}],"author":[{"embeddable":true,"href":"https:\/\/vagas.portalemprego.com.br\/index.php?rest_route=\/wp\/v2\/users\/1"}],"replies":[{"embeddable":true,"href":"https:\/\/vagas.portalemprego.com.br\/index.php?rest_route=%2Fwp%2Fv2%2Fcomments&post=6212"}],"version-history":[{"count":0,"href":"https:\/\/vagas.portalemprego.com.br\/index.php?rest_route=\/wp\/v2\/posts\/6212\/revisions"}],"wp:attachment":[{"href":"https:\/\/vagas.portalemprego.com.br\/index.php?rest_route=%2Fwp%2Fv2%2Fmedia&parent=6212"}],"wp:term":[{"taxonomy":"category","embeddable":true,"href":"https:\/\/vagas.portalemprego.com.br\/index.php?rest_route=%2Fwp%2Fv2%2Fcategories&post=6212"},{"taxonomy":"post_tag","embeddable":true,"href":"https:\/\/vagas.portalemprego.com.br\/index.php?rest_route=%2Fwp%2Fv2%2Ftags&post=6212"}],"curies":[{"name":"wp","href":"https:\/\/api.w.org\/{rel}","templated":true}]}}