{"id":6217,"date":"2026-04-29T06:58:58","date_gmt":"2026-04-29T09:58:58","guid":{"rendered":"https:\/\/vagas.portalemprego.com.br\/?p=6217"},"modified":"2026-04-29T06:58:58","modified_gmt":"2026-04-29T09:58:58","slug":"promotor-de-vendas-externas-comercial-vendas-teresopolis","status":"publish","type":"post","link":"https:\/\/vagas.portalemprego.com.br\/?p=6217","title":{"rendered":"Promotor de Vendas Externas &#8211; Comercial, Vendas &#8211; Teres\u00f3polis"},"content":{"rendered":"<p>A Almaviva Experience est\u00e1 em busca de Promotor de Vendas Externas para se juntar \u00e0 nossa equipe de alto desempenho. Se voc\u00ea possui excelentes habilidades de comunica\u00e7\u00e3o, \u00e9 proativo e apaixonado por vendas, essa oportunidade \u00e9 para voc\u00ea!<\/p>\n<p>Fun\u00e7\u00e3o: Vendas de Seguro de Prote\u00e7\u00e3o da Fatura de Energia<\/p>\n<p>A Enel, atrav\u00e9s da sua plataforma Enel X, oferece diferentes &#8220;seguros&#8221; que s\u00e3o, na verdade, servi\u00e7os de prote\u00e7\u00e3o e assist\u00eancia, como o Prote\u00e7\u00e3o 360 que cobre a fatura de energia em caso de desemprego, invalidez ou morte do titular, e os servi\u00e7os de assist\u00eancia residencial que incluem reparos emergenciais.<\/p>\n<p>Sal\u00e1rio R$ 1.603,44 + Comiss\u00e3o SEM TETO<br \/>\n&#8211; Vale Transporte R$16,00 PAGO EM PIX de 15 em 15 dias.<br \/>\n&#8211; Vale Refei\u00e7\u00e3o R$22,29 PAGO EM PIX de 15 em 15 dias.<br \/>\n&#8211; Gympass (Wellhub)<br \/>\n&#8211; Conv\u00eanio m\u00e9dico (UNIMED Nacional) opcional;<br \/>\n&#8211; Conv\u00eanio odontol\u00f3gico (Bradesco) opcional;<br \/>\n&#8211; Parceria com universidades;<br \/>\n&#8211; Aux\u00edlio Creche.<br \/>\n&#8211; Parceria com Sesc.<br \/>\n&#8211; Seguro de vida.<br \/>\n&#8211; Cart\u00e3o de cr\u00e9dito que libera 30 % do sal\u00e1rio com desconto em folha SE UTILIZADO.<\/p>\n<p>Se voc\u00ea se identificou com a proposta acima, estamos ansiosos para receber sua candidatura.<\/p>\n<p>Por favor, envie seu curr\u00edculo atualizado para nossa equipe de Recrutamento e Sele\u00e7\u00e3o:<\/p>\n<p> (11) 97815-3029 &#8211; Falar com Ludmila<\/p>\n<p>Aguardamos sua resposta.<\/p>\n<p>Equipe de Recrutamento e Sele\u00e7\u00e3o<br \/>\nAlmaviva Experience<\/p>\n<ul>\n<li>N\u00famero de vagas: 8<\/li>\n<li>Local de trabalho: Teres\u00f3polis, RJ<\/li>\n<li>Regime de contrata\u00e7\u00e3o de tipo: Efetivo \u2013 CLT<\/li>\n<li>Jornada: Per\u00edodo Integral<\/li>\n<li>\u00c1rea e especializa\u00e7\u00e3o profissional: Comercial, Vendas &#8211; Venda Externa<\/li>\n<li>N\u00edvel hier\u00e1rquico: Consultor<\/li>\n<\/ul>\n<p>Escolaridade M\u00ednima: Ensino M\u00e9dio (2\u00ba Grau)<\/p>\n<p>Sal\u00e1rio: 2000,0<\/p>\n","protected":false},"excerpt":{"rendered":"<p>A Almaviva Experience est\u00e1 em busca de Promotor de Vendas Externas para se juntar \u00e0 nossa equipe de alto desempenho. Se voc\u00ea possui excelentes habilidades de comunica\u00e7\u00e3o, \u00e9 proativo e apaixonado por vendas, essa oportunidade \u00e9 para voc\u00ea! Fun\u00e7\u00e3o: Vendas de Seguro de Prote\u00e7\u00e3o da Fatura de Energia A Enel, atrav\u00e9s da sua plataforma Enel [&hellip;]<\/p>\n","protected":false},"author":1,"featured_media":0,"comment_status":"open","ping_status":"open","sticky":false,"template":"","format":"standard","meta":{"footnotes":""},"categories":[21],"tags":[],"class_list":["post-6217","post","type-post","status-publish","format-standard","hentry","category-rio-de-janeiro-rj"],"_links":{"self":[{"href":"https:\/\/vagas.portalemprego.com.br\/index.php?rest_route=\/wp\/v2\/posts\/6217","targetHints":{"allow":["GET"]}}],"collection":[{"href":"https:\/\/vagas.portalemprego.com.br\/index.php?rest_route=\/wp\/v2\/posts"}],"about":[{"href":"https:\/\/vagas.portalemprego.com.br\/index.php?rest_route=\/wp\/v2\/types\/post"}],"author":[{"embeddable":true,"href":"https:\/\/vagas.portalemprego.com.br\/index.php?rest_route=\/wp\/v2\/users\/1"}],"replies":[{"embeddable":true,"href":"https:\/\/vagas.portalemprego.com.br\/index.php?rest_route=%2Fwp%2Fv2%2Fcomments&post=6217"}],"version-history":[{"count":0,"href":"https:\/\/vagas.portalemprego.com.br\/index.php?rest_route=\/wp\/v2\/posts\/6217\/revisions"}],"wp:attachment":[{"href":"https:\/\/vagas.portalemprego.com.br\/index.php?rest_route=%2Fwp%2Fv2%2Fmedia&parent=6217"}],"wp:term":[{"taxonomy":"category","embeddable":true,"href":"https:\/\/vagas.portalemprego.com.br\/index.php?rest_route=%2Fwp%2Fv2%2Fcategories&post=6217"},{"taxonomy":"post_tag","embeddable":true,"href":"https:\/\/vagas.portalemprego.com.br\/index.php?rest_route=%2Fwp%2Fv2%2Ftags&post=6217"}],"curies":[{"name":"wp","href":"https:\/\/api.w.org\/{rel}","templated":true}]}}