{"id":6220,"date":"2026-04-29T06:58:58","date_gmt":"2026-04-29T09:58:58","guid":{"rendered":"https:\/\/vagas.portalemprego.com.br\/?p=6220"},"modified":"2026-04-29T06:58:58","modified_gmt":"2026-04-29T09:58:58","slug":"ajudante-de-producao-industrial-industrial-producao-fabrica-sao-goncalo","status":"publish","type":"post","link":"https:\/\/vagas.portalemprego.com.br\/?p=6220","title":{"rendered":"Ajudante de Produ\u00e7\u00e3o Industrial &#8211; Industrial, Produ\u00e7\u00e3o, F\u00e1brica &#8211; S\u00e3o Gon\u00e7alo"},"content":{"rendered":"<p>RHF Talentos seleciona para um de nossos clientes no ramo de Marcenaria:<\/p>\n<p>Ajudante de Produ\u00e7\u00e3o &#8211; Marcenaria<\/p>\n<p>Atribui\u00e7\u00f5es:<\/p>\n<p>\u2022\tDesenvolver atividades junto ao pintor\/Marceneiro.<br \/>\n\u2022\tAux\u00edlio nas tarefas diversas de marcenaria<br \/>\n\u2022\tPintura de pe\u00e7as pequenas<br \/>\n\u2022\tExecutar atividades de empapelamento de pe\u00e7as para posterior pintura<br \/>\n\u2022\tLimpeza e tarefas de marcenaria em geral.<\/p>\n<p>Sal\u00e1rio e benef\u00edcios:<\/p>\n<p>\u2022\tR$ 1.754,00+ vale transporte + Alimenta\u00e7\u00e3o no Local<\/p>\n<p>Compet\u00eancias:<\/p>\n<p>\u2022\tSaber trabalhar bem em equipe<br \/>\n\u2022\tSer prudente com o trabalho<br \/>\n\u2022\tSer organizado<br \/>\n\u2022\tTer flexibilidade<br \/>\n\u2022\tPro atividade<br \/>\n\u2022\tAgilidade<br \/>\n\u2022\tVontade de crescer na profiss\u00e3o<\/p>\n<p>Escolaridade:<\/p>\n<p>\u2022\tM\u00ednimo ensino Fundamental Completo<\/p>\n<p>Carga hor\u00e1ria:<\/p>\n<p>\u2022\tDe Segunda a Quinta de 07:30h as 17:30h (com 1h de Almo\u00e7o) e sexta de 07:30h \u00e0s 16:30h (com 1h de Almo\u00e7o).<\/p>\n<p>Experi\u00eancia:<\/p>\n<p>\u2022\tSeis meses comprovado em carteira como Ajudante de produ\u00e7\u00e3o <\/p>\n<p>Obs: <\/p>\n<p>\u2022\tVaga destinada somente para moradores de S\u00e3o Gon\u00e7alo ou regi\u00e3o.<br \/>\n\u2022\tCurr\u00edculos fora do perfil ser\u00e3o descartados.<br \/>\n\u2022\tTer trabalhado em marcenaria ser\u00e1 um diferencial.<\/p>\n<ul>\n<li>Local de trabalho: S\u00e3o Gon\u00e7alo, RJ<\/li>\n<li>Regime de contrata\u00e7\u00e3o de tipo: Efetivo \u2013 CLT<\/li>\n<li>Jornada: Per\u00edodo Integral<\/li>\n<li>\u00c1rea e especializa\u00e7\u00e3o profissional: Industrial, Produ\u00e7\u00e3o, F\u00e1brica &#8211; Produ\u00e7\u00e3o<\/li>\n<li>N\u00edvel hier\u00e1rquico: Auxiliar<\/li>\n<\/ul>\n<p>VALORIZADO<\/p>\n<p>Tempo de experi\u00eancia: Entre 3 e 5 anos<\/p>\n<p>Escolaridade M\u00ednima: Ensino Fundamental (1\u00ba grau)<\/p>\n<ul>\n<li>Vale-transporte<\/li>\n<li>Refei\u00e7\u00e3o no local<\/li>\n<\/ul>\n<p>Sal\u00e1rio: 1754,0<\/p>\n","protected":false},"excerpt":{"rendered":"<p>RHF Talentos seleciona para um de nossos clientes no ramo de Marcenaria: Ajudante de Produ\u00e7\u00e3o &#8211; Marcenaria Atribui\u00e7\u00f5es: \u2022 Desenvolver atividades junto ao pintor\/Marceneiro. \u2022 Aux\u00edlio nas tarefas diversas de marcenaria \u2022 Pintura de pe\u00e7as pequenas \u2022 Executar atividades de empapelamento de pe\u00e7as para posterior pintura \u2022 Limpeza e tarefas de marcenaria em geral. Sal\u00e1rio [&hellip;]<\/p>\n","protected":false},"author":1,"featured_media":0,"comment_status":"open","ping_status":"open","sticky":false,"template":"","format":"standard","meta":{"footnotes":""},"categories":[21],"tags":[],"class_list":["post-6220","post","type-post","status-publish","format-standard","hentry","category-rio-de-janeiro-rj"],"_links":{"self":[{"href":"https:\/\/vagas.portalemprego.com.br\/index.php?rest_route=\/wp\/v2\/posts\/6220","targetHints":{"allow":["GET"]}}],"collection":[{"href":"https:\/\/vagas.portalemprego.com.br\/index.php?rest_route=\/wp\/v2\/posts"}],"about":[{"href":"https:\/\/vagas.portalemprego.com.br\/index.php?rest_route=\/wp\/v2\/types\/post"}],"author":[{"embeddable":true,"href":"https:\/\/vagas.portalemprego.com.br\/index.php?rest_route=\/wp\/v2\/users\/1"}],"replies":[{"embeddable":true,"href":"https:\/\/vagas.portalemprego.com.br\/index.php?rest_route=%2Fwp%2Fv2%2Fcomments&post=6220"}],"version-history":[{"count":0,"href":"https:\/\/vagas.portalemprego.com.br\/index.php?rest_route=\/wp\/v2\/posts\/6220\/revisions"}],"wp:attachment":[{"href":"https:\/\/vagas.portalemprego.com.br\/index.php?rest_route=%2Fwp%2Fv2%2Fmedia&parent=6220"}],"wp:term":[{"taxonomy":"category","embeddable":true,"href":"https:\/\/vagas.portalemprego.com.br\/index.php?rest_route=%2Fwp%2Fv2%2Fcategories&post=6220"},{"taxonomy":"post_tag","embeddable":true,"href":"https:\/\/vagas.portalemprego.com.br\/index.php?rest_route=%2Fwp%2Fv2%2Ftags&post=6220"}],"curies":[{"name":"wp","href":"https:\/\/api.w.org\/{rel}","templated":true}]}}