{"id":6222,"date":"2026-04-29T06:58:58","date_gmt":"2026-04-29T09:58:58","guid":{"rendered":"https:\/\/vagas.portalemprego.com.br\/?p=6222"},"modified":"2026-04-29T06:58:58","modified_gmt":"2026-04-29T09:58:58","slug":"operador-de-maquinas-pcd-industrial-producao-fabrica-rio-de-janeiro","status":"publish","type":"post","link":"https:\/\/vagas.portalemprego.com.br\/?p=6222","title":{"rendered":"Operador de M\u00e1quinas (PCD) &#8211; Industrial, Produ\u00e7\u00e3o, F\u00e1brica &#8211; Rio de Janeiro"},"content":{"rendered":"<p>Responsabilidade:<br \/>\nAmarrar pe\u00e7as j\u00e1 produzidas;<br \/>\nAuxiliar na produ\u00e7\u00e3o de pe\u00e7as complexas;<br \/>\nMedi\u00e7\u00e3o de pe\u00e7as;<br \/>\nLimpeza e organiza\u00e7\u00e3o da \u00e1rea, conforme demanda;<br \/>\nConhecer o conceito de perda met\u00e1lica e o que deve ser feito para atingir a meta do equipamento;<br \/>\nAuxiliar na gest\u00e3o de suprimentos e ferramentas, exemplo: arames, cintas, trenas, tesour\u00e3o, etc;<br \/>\nApoiar no acompanhamento e tratativa dos desvios de seguran\u00e7a, qualidade, custos, manuten\u00e7\u00e3o e produ\u00e7\u00e3o;<br \/>\nParticipar do invent\u00e1rio.<\/p>\n<ul>\n<li>N\u00famero de vagas: 4<\/li>\n<li>Local de trabalho: Rio de Janeiro, RJ<\/li>\n<li>Regime de contrata\u00e7\u00e3o de tipo: Efetivo \u2013 CLT<\/li>\n<li>Jornada: Per\u00edodo Integral<\/li>\n<li>\u00c1rea e especializa\u00e7\u00e3o profissional: Industrial, Produ\u00e7\u00e3o, F\u00e1brica &#8211; Produ\u00e7\u00e3o<\/li>\n<li>N\u00edvel hier\u00e1rquico: Operacional<\/li>\n<\/ul>\n<p>Escolaridade M\u00ednima: Ensino M\u00e9dio (2\u00ba Grau)<\/p>\n<p>Forma\u00e7\u00e3o desejada:<\/p>\n<ul>\n<li>Ensino M\u00e9dio (2\u00ba Grau)<\/li>\n<\/ul>\n<ul>\n<li>Vale transporte<\/li>\n<li>Vale Alimenta\u00e7\u00e3o<\/li>\n<li>Plano de Sa\u00fade<\/li>\n<li>Plano Odontol\u00f3gico<\/li>\n<li>Refei\u00e7\u00e3o no local<\/li>\n<li>Participa\u00e7\u00e3o nos lucros<\/li>\n<li>Previd\u00eancia Privada<\/li>\n<\/ul>\n","protected":false},"excerpt":{"rendered":"<p>Responsabilidade: Amarrar pe\u00e7as j\u00e1 produzidas; Auxiliar na produ\u00e7\u00e3o de pe\u00e7as complexas; Medi\u00e7\u00e3o de pe\u00e7as; Limpeza e organiza\u00e7\u00e3o da \u00e1rea, conforme demanda; Conhecer o conceito de perda met\u00e1lica e o que deve ser feito para atingir a meta do equipamento; Auxiliar na gest\u00e3o de suprimentos e ferramentas, exemplo: arames, cintas, trenas, tesour\u00e3o, etc; Apoiar no acompanhamento [&hellip;]<\/p>\n","protected":false},"author":1,"featured_media":0,"comment_status":"open","ping_status":"open","sticky":false,"template":"","format":"standard","meta":{"footnotes":""},"categories":[21],"tags":[],"class_list":["post-6222","post","type-post","status-publish","format-standard","hentry","category-rio-de-janeiro-rj"],"_links":{"self":[{"href":"https:\/\/vagas.portalemprego.com.br\/index.php?rest_route=\/wp\/v2\/posts\/6222","targetHints":{"allow":["GET"]}}],"collection":[{"href":"https:\/\/vagas.portalemprego.com.br\/index.php?rest_route=\/wp\/v2\/posts"}],"about":[{"href":"https:\/\/vagas.portalemprego.com.br\/index.php?rest_route=\/wp\/v2\/types\/post"}],"author":[{"embeddable":true,"href":"https:\/\/vagas.portalemprego.com.br\/index.php?rest_route=\/wp\/v2\/users\/1"}],"replies":[{"embeddable":true,"href":"https:\/\/vagas.portalemprego.com.br\/index.php?rest_route=%2Fwp%2Fv2%2Fcomments&post=6222"}],"version-history":[{"count":0,"href":"https:\/\/vagas.portalemprego.com.br\/index.php?rest_route=\/wp\/v2\/posts\/6222\/revisions"}],"wp:attachment":[{"href":"https:\/\/vagas.portalemprego.com.br\/index.php?rest_route=%2Fwp%2Fv2%2Fmedia&parent=6222"}],"wp:term":[{"taxonomy":"category","embeddable":true,"href":"https:\/\/vagas.portalemprego.com.br\/index.php?rest_route=%2Fwp%2Fv2%2Fcategories&post=6222"},{"taxonomy":"post_tag","embeddable":true,"href":"https:\/\/vagas.portalemprego.com.br\/index.php?rest_route=%2Fwp%2Fv2%2Ftags&post=6222"}],"curies":[{"name":"wp","href":"https:\/\/api.w.org\/{rel}","templated":true}]}}