{"id":6223,"date":"2026-04-29T06:58:58","date_gmt":"2026-04-29T09:58:58","guid":{"rendered":"https:\/\/vagas.portalemprego.com.br\/?p=6223"},"modified":"2026-04-29T06:58:58","modified_gmt":"2026-04-29T09:58:58","slug":"gerente-de-pecas-industrial-producao-fabrica-rio-de-janeiro","status":"publish","type":"post","link":"https:\/\/vagas.portalemprego.com.br\/?p=6223","title":{"rendered":"Gerente de Pe\u00e7as &#8211; Industrial, Produ\u00e7\u00e3o, F\u00e1brica &#8211; Rio de Janeiro"},"content":{"rendered":"<p>Luandre em parceria com empresa de grande porte no segmento de automobil\u00edstico 4 rodas e 2 rodas, contrata profissional para atuar como Gerente de Pe\u00e7as.<\/p>\n<p>Atividades:<br \/>\n\u2022\tGerenciar a \u00e1rea de pe\u00e7as, com foco em performance, cobertura e giro de estoque;<br \/>\n\u2022\tAtuar estrategicamente com an\u00e1lise da curva ABC e acompanhar os principais indicadores de desempenho;<br \/>\n\u2022\tEstruturar e implementar campanhas e promo\u00e7\u00f5es;<br \/>\n\u2022\tGerenciar a precifica\u00e7\u00e3o de produtos com base em margem, mercado e resultados;<br \/>\n\u2022\tLiderar a equipe com foco em desenvolvimento, engajamento e resultados;<br \/>\n\u2022\tManter bom relacionamento com fornecedores e montadora;<br \/>\n\u2022\tAnalisar n\u00fameros e tomar decis\u00f5es estrat\u00e9gicas baseadas em dados do setor;<br \/>\n\u2022\tGarantir o cumprimento de metas e padr\u00f5es de atendimento ao cliente;<br \/>\n\u2022\tAtuar de forma integrada com as \u00e1reas de oficina e atendimento\/vendas.<\/p>\n<p>Requisitos:<br \/>\n\u2022\tEnsino Superior cursando ou completo em Administra\u00e7\u00e3o de Empresas, Gest\u00e3o Comercial ou \u00e1reas correlatas;<br \/>\n\u2022\tForte capacidade de lideran\u00e7a e trabalho em equipe;<br \/>\n\u2022\tOrganiza\u00e7\u00e3o, foco e habilidade em an\u00e1lise de dados e indicadores;<br \/>\n\u2022\tDom\u00ednio dos processos de compras e gest\u00e3o de estoque;<br \/>\n\u2022\tExcelente comunica\u00e7\u00e3o interpessoal e vis\u00e3o estrat\u00e9gica;<br \/>\n\u2022\tExperi\u00eancia s\u00f3lida em concession\u00e1ria (autom\u00f3veis ou motocicletas) e montadoras.<\/p>\n<p>Benef\u00edcios:<br \/>\nVale Refei\u00e7\u00e3o<br \/>\nVale Alimenta\u00e7\u00e3o<br \/>\nPlano Odontol\u00f3gico<br \/>\nPlano de sa\u00fade<br \/>\nConv\u00eanio com SESC<br \/>\nDescontos em Farm\u00e1cias<\/p>\n<ul>\n<li>Local de trabalho: Rio de Janeiro, RJ<\/li>\n<li>Regime de contrata\u00e7\u00e3o de tipo: Efetivo \u2013 CLT<\/li>\n<li>Jornada: Per\u00edodo Integral<\/li>\n<li>\u00c1rea e especializa\u00e7\u00e3o profissional: Industrial, Produ\u00e7\u00e3o, F\u00e1brica &#8211; Ferramentaria<\/li>\n<li>N\u00edvel hier\u00e1rquico: Gerente<\/li>\n<\/ul>\n<p>VALORIZADO<\/p>\n<p>Tempo de experi\u00eancia: Entre 3 e 5 anos<\/p>\n<p>HABILIDADES<\/p>\n<ul>\n<li>Conhecimento em an\u00e1lise da curva ABC<\/li>\n<\/ul>\n<p>Escolaridade M\u00ednima: Ensino Superior<\/p>\n<p>Habilita\u00e7\u00e3o para dirigir: B<\/p>\n","protected":false},"excerpt":{"rendered":"<p>Luandre em parceria com empresa de grande porte no segmento de automobil\u00edstico 4 rodas e 2 rodas, contrata profissional para atuar como Gerente de Pe\u00e7as. Atividades: \u2022 Gerenciar a \u00e1rea de pe\u00e7as, com foco em performance, cobertura e giro de estoque; \u2022 Atuar estrategicamente com an\u00e1lise da curva ABC e acompanhar os principais indicadores de [&hellip;]<\/p>\n","protected":false},"author":1,"featured_media":0,"comment_status":"open","ping_status":"open","sticky":false,"template":"","format":"standard","meta":{"footnotes":""},"categories":[21],"tags":[],"class_list":["post-6223","post","type-post","status-publish","format-standard","hentry","category-rio-de-janeiro-rj"],"_links":{"self":[{"href":"https:\/\/vagas.portalemprego.com.br\/index.php?rest_route=\/wp\/v2\/posts\/6223","targetHints":{"allow":["GET"]}}],"collection":[{"href":"https:\/\/vagas.portalemprego.com.br\/index.php?rest_route=\/wp\/v2\/posts"}],"about":[{"href":"https:\/\/vagas.portalemprego.com.br\/index.php?rest_route=\/wp\/v2\/types\/post"}],"author":[{"embeddable":true,"href":"https:\/\/vagas.portalemprego.com.br\/index.php?rest_route=\/wp\/v2\/users\/1"}],"replies":[{"embeddable":true,"href":"https:\/\/vagas.portalemprego.com.br\/index.php?rest_route=%2Fwp%2Fv2%2Fcomments&post=6223"}],"version-history":[{"count":0,"href":"https:\/\/vagas.portalemprego.com.br\/index.php?rest_route=\/wp\/v2\/posts\/6223\/revisions"}],"wp:attachment":[{"href":"https:\/\/vagas.portalemprego.com.br\/index.php?rest_route=%2Fwp%2Fv2%2Fmedia&parent=6223"}],"wp:term":[{"taxonomy":"category","embeddable":true,"href":"https:\/\/vagas.portalemprego.com.br\/index.php?rest_route=%2Fwp%2Fv2%2Fcategories&post=6223"},{"taxonomy":"post_tag","embeddable":true,"href":"https:\/\/vagas.portalemprego.com.br\/index.php?rest_route=%2Fwp%2Fv2%2Ftags&post=6223"}],"curies":[{"name":"wp","href":"https:\/\/api.w.org\/{rel}","templated":true}]}}