{"id":6224,"date":"2026-04-29T06:59:59","date_gmt":"2026-04-29T09:59:59","guid":{"rendered":"https:\/\/vagas.portalemprego.com.br\/?p=6224"},"modified":"2026-04-29T06:59:59","modified_gmt":"2026-04-29T09:59:59","slug":"estagio-editor-de-video-informatica-ti-telecomunicacoes-duque-de-caxias","status":"publish","type":"post","link":"https:\/\/vagas.portalemprego.com.br\/?p=6224","title":{"rendered":"ESTAGIO EDITOR DE VIDEO &#8211; Inform\u00e1tica, TI, Telecomunica\u00e7\u00f5es &#8211; Duque de Caxias"},"content":{"rendered":"<p>Est\u00e1gio Editor de Video<\/p>\n<p>Voc\u00ea est\u00e1 pronto para mergulhar no mundo do entretenimento e da cria\u00e7\u00e3o de conte\u00fado?<br \/>\n estamos em busca de um estagi\u00e1rio entusiasta e talentoso para se juntar ao nosso time de edi\u00e7\u00e3o de v\u00eddeo.<br \/>\nSe voc\u00ea tem paix\u00e3o por contar hist\u00f3rias atrav\u00e9s das imagens e deseja aprender e crescer em um ambiente din\u00e2mico, esta \u00e9 a oportunidade perfeita para voc\u00ea.<\/p>\n<p>Como estagi\u00e1rio de edi\u00e7\u00e3o de v\u00eddeo, voc\u00ea ser\u00e1 respons\u00e1vel por auxiliar na edi\u00e7\u00e3o de v\u00eddeos para diversos projetos, desde clipes musicais at\u00e9 conte\u00fado para redes sociais.<br \/>\nSeu trabalho ser\u00e1 fundamental para garantir que cada projeto entregue n\u00e3o apenas atenda, mas supere as expectativas dos clientes.<br \/>\nVoc\u00ea ter\u00e1 a oportunidade de aprender com profissionais experientes e contribuir para a cria\u00e7\u00e3o de conte\u00fado de alta qualidade.<\/p>\n<p>Para esta posi\u00e7\u00e3o, buscamos algu\u00e9m com interesse demonstrado em v\u00eddeo e edi\u00e7\u00e3o, com habilidades b\u00e1sicas em programas de edi\u00e7\u00e3o de v\u00eddeo como Adobe Premiere Pro, Final Cut Pro ou similar.<br \/>\nExperi\u00eancia pr\u00e9via em edi\u00e7\u00e3o de v\u00eddeo \u00e9 um diferencial, mas n\u00e3o \u00e9 obrigat\u00f3ria.<br \/>\nO que mais valorizamos \u00e9 seu entusiasmo, criatividade e capacidade de aprender rapidamente.<\/p>\n<p>Al\u00e9m da oportunidade de trabalhar em projetos reais e contribuir para o sucesso da empresa, oferecemos um ambiente de trabalho acolhedor e inspirador, onde voc\u00ea pode crescer e desenvolver suas habilidades.<br \/>\nSe voc\u00ea est\u00e1 pronto para dar os primeiros passos em uma carreira emocionante no mundo do entretenimento, esta \u00e9 a chance perfeita para voc\u00ea.<\/p>\n<p>Estamos ansiosos para conhecer seu trabalho e ver o que voc\u00ea pode trazer para nossa equipe.<\/p>\n<ul>\n<li>Local de trabalho: Duque de Caxias, RJ<\/li>\n<li>Regime de contrata\u00e7\u00e3o de tipo: Est\u00e1gio<\/li>\n<li>Jornada: Parcial tardes<\/li>\n<li>\u00c1rea e especializa\u00e7\u00e3o profissional: Inform\u00e1tica, TI, Telecomunica\u00e7\u00f5es &#8211; Internet \/ Web Design<\/li>\n<li>N\u00edvel hier\u00e1rquico: Estagi\u00e1rio<\/li>\n<\/ul>\n<p>VALORIZADO<\/p>\n<p>Tempo de experi\u00eancia: S\u00f3 est\u00e1gios<\/p>\n<p>Escolaridade M\u00ednima: Ensino Superior<\/p>\n<p>Sal\u00e1rio: 600,0<\/p>\n","protected":false},"excerpt":{"rendered":"<p>Est\u00e1gio Editor de Video Voc\u00ea est\u00e1 pronto para mergulhar no mundo do entretenimento e da cria\u00e7\u00e3o de conte\u00fado? estamos em busca de um estagi\u00e1rio entusiasta e talentoso para se juntar ao nosso time de edi\u00e7\u00e3o de v\u00eddeo. Se voc\u00ea tem paix\u00e3o por contar hist\u00f3rias atrav\u00e9s das imagens e deseja aprender e crescer em um ambiente [&hellip;]<\/p>\n","protected":false},"author":1,"featured_media":0,"comment_status":"open","ping_status":"open","sticky":false,"template":"","format":"standard","meta":{"footnotes":""},"categories":[21],"tags":[],"class_list":["post-6224","post","type-post","status-publish","format-standard","hentry","category-rio-de-janeiro-rj"],"_links":{"self":[{"href":"https:\/\/vagas.portalemprego.com.br\/index.php?rest_route=\/wp\/v2\/posts\/6224","targetHints":{"allow":["GET"]}}],"collection":[{"href":"https:\/\/vagas.portalemprego.com.br\/index.php?rest_route=\/wp\/v2\/posts"}],"about":[{"href":"https:\/\/vagas.portalemprego.com.br\/index.php?rest_route=\/wp\/v2\/types\/post"}],"author":[{"embeddable":true,"href":"https:\/\/vagas.portalemprego.com.br\/index.php?rest_route=\/wp\/v2\/users\/1"}],"replies":[{"embeddable":true,"href":"https:\/\/vagas.portalemprego.com.br\/index.php?rest_route=%2Fwp%2Fv2%2Fcomments&post=6224"}],"version-history":[{"count":0,"href":"https:\/\/vagas.portalemprego.com.br\/index.php?rest_route=\/wp\/v2\/posts\/6224\/revisions"}],"wp:attachment":[{"href":"https:\/\/vagas.portalemprego.com.br\/index.php?rest_route=%2Fwp%2Fv2%2Fmedia&parent=6224"}],"wp:term":[{"taxonomy":"category","embeddable":true,"href":"https:\/\/vagas.portalemprego.com.br\/index.php?rest_route=%2Fwp%2Fv2%2Fcategories&post=6224"},{"taxonomy":"post_tag","embeddable":true,"href":"https:\/\/vagas.portalemprego.com.br\/index.php?rest_route=%2Fwp%2Fv2%2Ftags&post=6224"}],"curies":[{"name":"wp","href":"https:\/\/api.w.org\/{rel}","templated":true}]}}