{"id":6226,"date":"2026-04-29T06:02:02","date_gmt":"2026-04-29T09:02:02","guid":{"rendered":"https:\/\/vagas.portalemprego.com.br\/?p=6226"},"modified":"2026-04-29T06:02:02","modified_gmt":"2026-04-29T09:02:02","slug":"ajudante-de-carga-e-descarga-logistica-rio-de-janeiro-3","status":"publish","type":"post","link":"https:\/\/vagas.portalemprego.com.br\/?p=6226","title":{"rendered":"Ajudante de Carga e Descarga &#8211; Log\u00edstica &#8211; Rio de Janeiro"},"content":{"rendered":"<p>Ir\u00e1 atuar com recebimento de mercadorias, carga e descarga, log\u00edstica reversa, armazenamento.<br \/>\nCargo Ajudante Geral<br \/>\nAtuar com carga e descarga de mercadorias da Shopee, amazona, mercado livre e outros<br \/>\nSal\u00e1rio R$1.750,00<br \/>\n* Vale transporte (pago em dinheiro)<br \/>\n* Vale refei\u00e7\u00e3o R$ 23,30<br \/>\n* Cesta b\u00e1sica R$ 163,83<br \/>\n*Escala: Ter\u00e7a a domingo das 14h00 as 22h00 ou das 22h00 as 06h00<\/p>\n<p>Necess\u00e1rio ter experi\u00eancia m\u00ednimo 6 meses com log\u00edstica\/carga e descarga<\/p>\n<ul>\n<li>N\u00famero de vagas: 28<\/li>\n<li>Local de trabalho: Rio de Janeiro, RJ<\/li>\n<li>Regime de contrata\u00e7\u00e3o de tipo: Tempor\u00e1rio<\/li>\n<li>Jornada: Per\u00edodo Integral<\/li>\n<li>\u00c1rea e especializa\u00e7\u00e3o profissional: Log\u00edstica &#8211; Distribui\u00e7\u00e3o, Recebimento e Expedi\u00e7\u00e3o<\/li>\n<li>N\u00edvel hier\u00e1rquico: Auxiliar<\/li>\n<\/ul>\n<p>VALORIZADO<\/p>\n<p>Tempo de experi\u00eancia: Menos de 1 ano<\/p>\n<p>Escolaridade M\u00ednima: Ensino Fundamental (1\u00ba grau)<\/p>\n<p>Sal\u00e1rio: 1750,0<\/p>\n","protected":false},"excerpt":{"rendered":"<p>Ir\u00e1 atuar com recebimento de mercadorias, carga e descarga, log\u00edstica reversa, armazenamento. Cargo Ajudante Geral Atuar com carga e descarga de mercadorias da Shopee, amazona, mercado livre e outros Sal\u00e1rio R$1.750,00 * Vale transporte (pago em dinheiro) * Vale refei\u00e7\u00e3o R$ 23,30 * Cesta b\u00e1sica R$ 163,83 *Escala: Ter\u00e7a a domingo das 14h00 as 22h00 [&hellip;]<\/p>\n","protected":false},"author":1,"featured_media":0,"comment_status":"open","ping_status":"open","sticky":false,"template":"","format":"standard","meta":{"footnotes":""},"categories":[21],"tags":[],"class_list":["post-6226","post","type-post","status-publish","format-standard","hentry","category-rio-de-janeiro-rj"],"_links":{"self":[{"href":"https:\/\/vagas.portalemprego.com.br\/index.php?rest_route=\/wp\/v2\/posts\/6226","targetHints":{"allow":["GET"]}}],"collection":[{"href":"https:\/\/vagas.portalemprego.com.br\/index.php?rest_route=\/wp\/v2\/posts"}],"about":[{"href":"https:\/\/vagas.portalemprego.com.br\/index.php?rest_route=\/wp\/v2\/types\/post"}],"author":[{"embeddable":true,"href":"https:\/\/vagas.portalemprego.com.br\/index.php?rest_route=\/wp\/v2\/users\/1"}],"replies":[{"embeddable":true,"href":"https:\/\/vagas.portalemprego.com.br\/index.php?rest_route=%2Fwp%2Fv2%2Fcomments&post=6226"}],"version-history":[{"count":0,"href":"https:\/\/vagas.portalemprego.com.br\/index.php?rest_route=\/wp\/v2\/posts\/6226\/revisions"}],"wp:attachment":[{"href":"https:\/\/vagas.portalemprego.com.br\/index.php?rest_route=%2Fwp%2Fv2%2Fmedia&parent=6226"}],"wp:term":[{"taxonomy":"category","embeddable":true,"href":"https:\/\/vagas.portalemprego.com.br\/index.php?rest_route=%2Fwp%2Fv2%2Fcategories&post=6226"},{"taxonomy":"post_tag","embeddable":true,"href":"https:\/\/vagas.portalemprego.com.br\/index.php?rest_route=%2Fwp%2Fv2%2Ftags&post=6226"}],"curies":[{"name":"wp","href":"https:\/\/api.w.org\/{rel}","templated":true}]}}