{"id":6227,"date":"2026-04-29T06:02:02","date_gmt":"2026-04-29T09:02:02","guid":{"rendered":"https:\/\/vagas.portalemprego.com.br\/?p=6227"},"modified":"2026-04-29T06:02:02","modified_gmt":"2026-04-29T09:02:02","slug":"cozinheiro-alimentacao-gastronomia-rio-de-janeiro-20","status":"publish","type":"post","link":"https:\/\/vagas.portalemprego.com.br\/?p=6227","title":{"rendered":"Cozinheiro &#8211; Alimenta\u00e7\u00e3o \/ Gastronomia &#8211; Rio de Janeiro"},"content":{"rendered":"<p>Oportunidade de carreira como Cozinheiro<\/p>\n<p>Estamos em busca de um Cozinheiro experiente e criativo para se juntar ao nosso time de culin\u00e1ria.<br \/>\nBuscamos algu\u00e9m que n\u00e3o apenas siga as tradi\u00e7\u00f5es culin\u00e1rias, mas que tamb\u00e9m inove e traga novas ideias para o card\u00e1pio.<\/p>\n<p>A posi\u00e7\u00e3o exige um profissional que tenha habilidades t\u00e9cnicas s\u00f3lidas e uma paix\u00e3o genu\u00edna por cozinhar.<\/p>\n<p>Como Cozinheiro, voc\u00ea ser\u00e1 respons\u00e1vel por preparar uma variedade de pratos, garantindo que todos sejam servidos com excel\u00eancia e frescor.<br \/>\nVoc\u00ea trabalhar\u00e1 em estreita colabora\u00e7\u00e3o com o chef de cozinha e outros membros da equipe de cozinha para garantir que os pratos sejam entregues no tempo certo e com a mais alta qualidade.<br \/>\nAl\u00e9m disso, voc\u00ea dever\u00e1 manter uma limpeza e organiza\u00e7\u00e3o rigorosas nas \u00e1reas de trabalho, seguindo todas as normas de higiene e seguran\u00e7a alimentar.<\/p>\n<p>Experi\u00eancia em cozinhas profissionais \u00e9 essencial, com um foco em pratos variados.<\/p>\n<p>Habilidades de lideran\u00e7a e trabalho em equipe s\u00e3o fundamentais, pois voc\u00ea ser\u00e1 respons\u00e1vel por supervisionar e orientar auxiliares de cozinha quando necess\u00e1rio.<\/p>\n<p>Junte-se a n\u00f3s e fa\u00e7a parte de uma equipe que valoriza a inova\u00e7\u00e3o e a excel\u00eancia na culin\u00e1ria.<\/p>\n<p>A candidatura deve ser feita diretamente pelo sistema de recrutamento.<br \/>\nEstamos ansiosos para conhecer o seu talento culin\u00e1rio e como voc\u00ea pode contribuir para o nosso ambiente de trabalho din\u00e2mico e criativo.<\/p>\n<ul>\n<li>Local de trabalho: Rio de Janeiro, RJ<\/li>\n<li>Regime de contrata\u00e7\u00e3o de tipo: Efetivo \u2013 CLT<\/li>\n<li>Jornada: Per\u00edodo Integral<\/li>\n<li>\u00c1rea e especializa\u00e7\u00e3o profissional: Alimenta\u00e7\u00e3o \/ Gastronomia &#8211; Cozinha<\/li>\n<li>N\u00edvel hier\u00e1rquico: Especialista<\/li>\n<\/ul>\n<p>VALORIZADO<\/p>\n<p>Tempo de experi\u00eancia: Entre 1 e 3 anos<\/p>\n<p>Escolaridade M\u00ednima: Ensino M\u00e9dio (2\u00ba Grau)<\/p>\n<ul>\n<li>Vale transporte<\/li>\n<li>alimenta\u00e7\u00e3o no local<\/li>\n<\/ul>\n<p>Sal\u00e1rio: 1816,32<\/p>\n","protected":false},"excerpt":{"rendered":"<p>Oportunidade de carreira como Cozinheiro Estamos em busca de um Cozinheiro experiente e criativo para se juntar ao nosso time de culin\u00e1ria. Buscamos algu\u00e9m que n\u00e3o apenas siga as tradi\u00e7\u00f5es culin\u00e1rias, mas que tamb\u00e9m inove e traga novas ideias para o card\u00e1pio. A posi\u00e7\u00e3o exige um profissional que tenha habilidades t\u00e9cnicas s\u00f3lidas e uma paix\u00e3o [&hellip;]<\/p>\n","protected":false},"author":1,"featured_media":0,"comment_status":"open","ping_status":"open","sticky":false,"template":"","format":"standard","meta":{"footnotes":""},"categories":[21],"tags":[],"class_list":["post-6227","post","type-post","status-publish","format-standard","hentry","category-rio-de-janeiro-rj"],"_links":{"self":[{"href":"https:\/\/vagas.portalemprego.com.br\/index.php?rest_route=\/wp\/v2\/posts\/6227","targetHints":{"allow":["GET"]}}],"collection":[{"href":"https:\/\/vagas.portalemprego.com.br\/index.php?rest_route=\/wp\/v2\/posts"}],"about":[{"href":"https:\/\/vagas.portalemprego.com.br\/index.php?rest_route=\/wp\/v2\/types\/post"}],"author":[{"embeddable":true,"href":"https:\/\/vagas.portalemprego.com.br\/index.php?rest_route=\/wp\/v2\/users\/1"}],"replies":[{"embeddable":true,"href":"https:\/\/vagas.portalemprego.com.br\/index.php?rest_route=%2Fwp%2Fv2%2Fcomments&post=6227"}],"version-history":[{"count":0,"href":"https:\/\/vagas.portalemprego.com.br\/index.php?rest_route=\/wp\/v2\/posts\/6227\/revisions"}],"wp:attachment":[{"href":"https:\/\/vagas.portalemprego.com.br\/index.php?rest_route=%2Fwp%2Fv2%2Fmedia&parent=6227"}],"wp:term":[{"taxonomy":"category","embeddable":true,"href":"https:\/\/vagas.portalemprego.com.br\/index.php?rest_route=%2Fwp%2Fv2%2Fcategories&post=6227"},{"taxonomy":"post_tag","embeddable":true,"href":"https:\/\/vagas.portalemprego.com.br\/index.php?rest_route=%2Fwp%2Fv2%2Ftags&post=6227"}],"curies":[{"name":"wp","href":"https:\/\/api.w.org\/{rel}","templated":true}]}}