{"id":6229,"date":"2026-04-29T06:02:02","date_gmt":"2026-04-29T09:02:02","guid":{"rendered":"https:\/\/vagas.portalemprego.com.br\/?p=6229"},"modified":"2026-04-29T06:02:02","modified_gmt":"2026-04-29T09:02:02","slug":"garcom-alimentacao-gastronomia-rio-de-janeiro-7","status":"publish","type":"post","link":"https:\/\/vagas.portalemprego.com.br\/?p=6229","title":{"rendered":"Gar\u00e7om &#8211; Alimenta\u00e7\u00e3o \/ Gastronomia &#8211; Rio de Janeiro"},"content":{"rendered":"<p>Estamos em busca de um Gar\u00e7om para se juntar ao nosso time de servi\u00e7os de alta qualidade.<br \/>\nBuscamos algu\u00e9m que tenha experi\u00eancia comprovada na \u00e1rea, com habilidades not\u00e1veis em intera\u00e7\u00e3o com clientes e organiza\u00e7\u00e3o.<\/p>\n<p>O Gar\u00e7om ser\u00e1 respons\u00e1vel por atender os clientes com efici\u00eancia, garantir que as mesas estejam sempre organizadas e que os pedidos sejam registrados e entregues com precis\u00e3o.<br \/>\n\u00c9 essencial que o candidato tenha uma boa comunica\u00e7\u00e3o, seja capaz de lidar com situa\u00e7\u00f5es de estresse e tenha um forte senso de responsabilidade.<br \/>\nExperi\u00eancia em um ambiente de restaurante ou similar \u00e9 um diferencial.<\/p>\n<p>Al\u00e9m de atender os clientes, o Gar\u00e7om deve colaborar com a equipe de cozinha para garantir que os pedidos sejam preparados e entregues no tempo certo.<br \/>\n\u00c9 importante que o candidato tenha aten\u00e7\u00e3o aos detalhes e possa trabalhar em turnos, incluindo fins de semana e feriados, conforme necess\u00e1rio.<\/p>\n<p>Junte-se a n\u00f3s e fa\u00e7a parte de um ambiente de trabalho acolhedor e desafiador ao mesmo tempo.<\/p>\n<p>Interessados devem enviar seu curr\u00edculo e carta de apresenta\u00e7\u00e3o para a vaga.<br \/>\nAguardamos ansiosamente por candidatos que compartilhem nossa paix\u00e3o por proporcionar uma experi\u00eancia inesquec\u00edvel aos nossos clientes.<\/p>\n<ul>\n<li>Local de trabalho: Rio de Janeiro, RJ<\/li>\n<li>Regime de contrata\u00e7\u00e3o de tipo: Efetivo \u2013 CLT<\/li>\n<li>Jornada: Per\u00edodo Integral<\/li>\n<li>\u00c1rea e especializa\u00e7\u00e3o profissional: Alimenta\u00e7\u00e3o \/ Gastronomia &#8211; Atendente \/ Recep\u00e7\u00e3o \/ Gar\u00e7om<\/li>\n<li>N\u00edvel hier\u00e1rquico: Auxiliar<\/li>\n<\/ul>\n<p>VALORIZADO<\/p>\n<p>Tempo de experi\u00eancia: Entre 1 e 3 anos<\/p>\n<p>Escolaridade M\u00ednima: Ensino M\u00e9dio (2\u00ba Grau)<\/p>\n<ul>\n<li>Vale-alimenta\u00e7\u00e3o<\/li>\n<li>vale transporte<\/li>\n<\/ul>\n","protected":false},"excerpt":{"rendered":"<p>Estamos em busca de um Gar\u00e7om para se juntar ao nosso time de servi\u00e7os de alta qualidade. Buscamos algu\u00e9m que tenha experi\u00eancia comprovada na \u00e1rea, com habilidades not\u00e1veis em intera\u00e7\u00e3o com clientes e organiza\u00e7\u00e3o. O Gar\u00e7om ser\u00e1 respons\u00e1vel por atender os clientes com efici\u00eancia, garantir que as mesas estejam sempre organizadas e que os pedidos [&hellip;]<\/p>\n","protected":false},"author":1,"featured_media":0,"comment_status":"open","ping_status":"open","sticky":false,"template":"","format":"standard","meta":{"footnotes":""},"categories":[21],"tags":[],"class_list":["post-6229","post","type-post","status-publish","format-standard","hentry","category-rio-de-janeiro-rj"],"_links":{"self":[{"href":"https:\/\/vagas.portalemprego.com.br\/index.php?rest_route=\/wp\/v2\/posts\/6229","targetHints":{"allow":["GET"]}}],"collection":[{"href":"https:\/\/vagas.portalemprego.com.br\/index.php?rest_route=\/wp\/v2\/posts"}],"about":[{"href":"https:\/\/vagas.portalemprego.com.br\/index.php?rest_route=\/wp\/v2\/types\/post"}],"author":[{"embeddable":true,"href":"https:\/\/vagas.portalemprego.com.br\/index.php?rest_route=\/wp\/v2\/users\/1"}],"replies":[{"embeddable":true,"href":"https:\/\/vagas.portalemprego.com.br\/index.php?rest_route=%2Fwp%2Fv2%2Fcomments&post=6229"}],"version-history":[{"count":0,"href":"https:\/\/vagas.portalemprego.com.br\/index.php?rest_route=\/wp\/v2\/posts\/6229\/revisions"}],"wp:attachment":[{"href":"https:\/\/vagas.portalemprego.com.br\/index.php?rest_route=%2Fwp%2Fv2%2Fmedia&parent=6229"}],"wp:term":[{"taxonomy":"category","embeddable":true,"href":"https:\/\/vagas.portalemprego.com.br\/index.php?rest_route=%2Fwp%2Fv2%2Fcategories&post=6229"},{"taxonomy":"post_tag","embeddable":true,"href":"https:\/\/vagas.portalemprego.com.br\/index.php?rest_route=%2Fwp%2Fv2%2Ftags&post=6229"}],"curies":[{"name":"wp","href":"https:\/\/api.w.org\/{rel}","templated":true}]}}